{"id":1039,"date":"2012-07-24T16:12:14","date_gmt":"2012-07-24T15:12:14","guid":{"rendered":"http:\/\/snurrigt.vildavastra.se\/?p=1039"},"modified":"2012-07-24T16:12:14","modified_gmt":"2012-07-24T15:12:14","slug":"utbredd-okunnighet-om-klimatet","status":"publish","type":"post","link":"https:\/\/vildavastra.se\/snurrigt\/2012\/07\/24\/utbredd-okunnighet-om-klimatet\/","title":{"rendered":"Utbredd okunnighet om klimatet"},"content":{"rendered":"<p>De svenska utsl\u00e4ppen av koldioxid \u00e4r inte mer \u00e4n cirka 0,15 procent av de globala, vilket med stor s\u00e4kerhet assimileras i v\u00e5ra skogsmarker. <a href=\"http:\/\/www.unt.se\/debatt\/okunniga-svar-om-klimatet-1797901.aspx\">Det skriver Lennart Bengtsson, professor i meteorologi, p\u00e5 debattplats i UNT<\/a>.<\/p>\n<p>Men detta k\u00e4nner de flesta inte till, enligt en unders\u00f6kning Bengtsson redog\u00f6r f\u00f6r. Hela 76 procent tror dessutom att Sveriges koldioxidutsl\u00e4pp har \u00f6kat sedan 1980, n\u00e4r det i sj\u00e4lva verket har minskat kraftigt! Det \u00e4r n\u00e5got anm\u00e4rkningsv\u00e4rt, att det finns ett s\u00e5 stort och utbrett intresse (och oro) f\u00f6r en fr\u00e5ga, men s\u00e5 lite korrekt kunskap om den samma.<\/p>\n<p>Det gynnar ingen. Utom m\u00f6jligtvis Milj\u00f6partiet. (Citat Svd)<\/p>\n","protected":false},"excerpt":{"rendered":"<p>De svenska utsl\u00e4ppen av koldioxid \u00e4r inte mer \u00e4n cirka 0,15 procent av de globala, vilket med stor s\u00e4kerhet assimileras i v\u00e5ra skogsmarker. Det skriver Lennart Bengtsson, professor i meteorologi, p\u00e5 debattplats i UNT. Men detta k\u00e4nner de flesta inte till, enligt en unders\u00f6kning Bengtsson redog\u00f6r f\u00f6r. Hela 76 procent tror dessutom att Sveriges koldioxidutsl\u00e4pp &hellip; <\/p>\n<p class=\"link-more\"><a href=\"https:\/\/vildavastra.se\/snurrigt\/2012\/07\/24\/utbredd-okunnighet-om-klimatet\/\" class=\"more-link\">Forts\u00e4tt l\u00e4sa<span class=\"screen-reader-text\"> \u201dUtbredd okunnighet om klimatet\u201d<\/span><\/a><\/p>\n","protected":false},"author":1,"featured_media":0,"comment_status":"open","ping_status":"open","sticky":false,"template":"","format":"standard","meta":{"footnotes":""},"categories":[6],"tags":[],"class_list":["post-1039","post","type-post","status-publish","format-standard","hentry","category-svensk-vindkraft"],"_links":{"self":[{"href":"https:\/\/vildavastra.se\/snurrigt\/wp-json\/wp\/v2\/posts\/1039","targetHints":{"allow":["GET"]}}],"collection":[{"href":"https:\/\/vildavastra.se\/snurrigt\/wp-json\/wp\/v2\/posts"}],"about":[{"href":"https:\/\/vildavastra.se\/snurrigt\/wp-json\/wp\/v2\/types\/post"}],"author":[{"embeddable":true,"href":"https:\/\/vildavastra.se\/snurrigt\/wp-json\/wp\/v2\/users\/1"}],"replies":[{"embeddable":true,"href":"https:\/\/vildavastra.se\/snurrigt\/wp-json\/wp\/v2\/comments?post=1039"}],"version-history":[{"count":0,"href":"https:\/\/vildavastra.se\/snurrigt\/wp-json\/wp\/v2\/posts\/1039\/revisions"}],"wp:attachment":[{"href":"https:\/\/vildavastra.se\/snurrigt\/wp-json\/wp\/v2\/media?parent=1039"}],"wp:term":[{"taxonomy":"category","embeddable":true,"href":"https:\/\/vildavastra.se\/snurrigt\/wp-json\/wp\/v2\/categories?post=1039"},{"taxonomy":"post_tag","embeddable":true,"href":"https:\/\/vildavastra.se\/snurrigt\/wp-json\/wp\/v2\/tags?post=1039"}],"curies":[{"name":"wp","href":"https:\/\/api.w.org\/{rel}","templated":true}]}}