{"id":1094,"date":"2012-09-05T09:24:34","date_gmt":"2012-09-05T08:24:34","guid":{"rendered":"http:\/\/snurrigt.vildavastra.se\/?p=1094"},"modified":"2012-09-05T09:24:34","modified_gmt":"2012-09-05T08:24:34","slug":"vindkraften-tvingas-norrut","status":"publish","type":"post","link":"https:\/\/vildavastra.se\/snurrigt\/2012\/09\/05\/vindkraften-tvingas-norrut\/","title":{"rendered":"Vindkraften tvingas norrut"},"content":{"rendered":"<p><em><a href=\"http:\/\/snurrigt.vildavastra.se\/wp-content\/uploads\/2012\/09\/vindkraftsforbud_1000.jpg\"><img loading=\"lazy\" decoding=\"async\" class=\"aligncenter size-medium wp-image-1095\" title=\"vindkraftsforbud_1000\" src=\"http:\/\/snurrigt.vildavastra.se\/wp-content\/uploads\/2012\/09\/vindkraftsforbud_1000-600x378.jpg\" alt=\"\" width=\"600\" height=\"378\" \/><\/a><\/em><\/p>\n<p><em>&#8221;Omfattande f\u00f6rbud. F\u00f6rsvaret s\u00e4ger nej till vindkraft i mer \u00e4n halva s\u00f6dra Sverige med oklara motiveringar. <strong>Detta inneb\u00e4r att vindkraften tvingas flytta norrut, vilket betyder minst 18 miljarder kronor i merkostnader.<\/strong> Det \u00e4r dags att regeringen ingriper, skriver f\u00f6retr\u00e4dare f\u00f6r tre vindkraftsf\u00f6retag.&#8221;<\/em><\/p>\n<p>L\u00e4s mer<em> i\u00a0<\/em> DN debatt idag:<\/p>\n<p><a href=\"http:\/\/www.dn.se\/debatt\/militarens-restriktioner-kostar-vindkraften-miljarder\">http:\/\/www.dn.se\/debatt\/militarens-restriktioner-kostar-vindkraften-miljarder<\/a><\/p>\n","protected":false},"excerpt":{"rendered":"<p>&#8221;Omfattande f\u00f6rbud. F\u00f6rsvaret s\u00e4ger nej till vindkraft i mer \u00e4n halva s\u00f6dra Sverige med oklara motiveringar. Detta inneb\u00e4r att vindkraften tvingas flytta norrut, vilket betyder minst 18 miljarder kronor i merkostnader. Det \u00e4r dags att regeringen ingriper, skriver f\u00f6retr\u00e4dare f\u00f6r tre vindkraftsf\u00f6retag.&#8221; L\u00e4s mer i\u00a0 DN debatt idag: http:\/\/www.dn.se\/debatt\/militarens-restriktioner-kostar-vindkraften-miljarder<\/p>\n","protected":false},"author":1,"featured_media":0,"comment_status":"open","ping_status":"open","sticky":false,"template":"","format":"standard","meta":{"footnotes":""},"categories":[6],"tags":[],"class_list":["post-1094","post","type-post","status-publish","format-standard","hentry","category-svensk-vindkraft"],"_links":{"self":[{"href":"https:\/\/vildavastra.se\/snurrigt\/wp-json\/wp\/v2\/posts\/1094","targetHints":{"allow":["GET"]}}],"collection":[{"href":"https:\/\/vildavastra.se\/snurrigt\/wp-json\/wp\/v2\/posts"}],"about":[{"href":"https:\/\/vildavastra.se\/snurrigt\/wp-json\/wp\/v2\/types\/post"}],"author":[{"embeddable":true,"href":"https:\/\/vildavastra.se\/snurrigt\/wp-json\/wp\/v2\/users\/1"}],"replies":[{"embeddable":true,"href":"https:\/\/vildavastra.se\/snurrigt\/wp-json\/wp\/v2\/comments?post=1094"}],"version-history":[{"count":0,"href":"https:\/\/vildavastra.se\/snurrigt\/wp-json\/wp\/v2\/posts\/1094\/revisions"}],"wp:attachment":[{"href":"https:\/\/vildavastra.se\/snurrigt\/wp-json\/wp\/v2\/media?parent=1094"}],"wp:term":[{"taxonomy":"category","embeddable":true,"href":"https:\/\/vildavastra.se\/snurrigt\/wp-json\/wp\/v2\/categories?post=1094"},{"taxonomy":"post_tag","embeddable":true,"href":"https:\/\/vildavastra.se\/snurrigt\/wp-json\/wp\/v2\/tags?post=1094"}],"curies":[{"name":"wp","href":"https:\/\/api.w.org\/{rel}","templated":true}]}}