{"id":1097,"date":"2012-09-05T16:14:58","date_gmt":"2012-09-05T15:14:58","guid":{"rendered":"http:\/\/snurrigt.vildavastra.se\/?p=1097"},"modified":"2012-09-05T16:14:58","modified_gmt":"2012-09-05T15:14:58","slug":"en-gron-bubbla","status":"publish","type":"post","link":"https:\/\/vildavastra.se\/snurrigt\/2012\/09\/05\/en-gron-bubbla\/","title":{"rendered":"En gr\u00f6n bubbla"},"content":{"rendered":"<p>I en <a href=\"http:\/\/www.svd.se\/opinion\/brannpunkt\/statliga-stod-skapar-ingen-hallbar-gron-vag_7470514.svd\">debattartikel i SvD<\/a> skriver Lydiah W\u00e5lsten p\u00e5 Timbro:<\/p>\n<p>\u200e<em>&#8221;L\u00e4rdomen \u00e4r att alltf\u00f6r gener\u00f6sa st\u00f6d i kombination med opportunistiskt beteende skapar bubblor d\u00e4r f\u00f6retag kan g\u00f6ra riskfria vinster medan skattebetalarna f\u00e5r st\u00e5 f\u00f6r notan. Att knyta upp m\u00e5nga m\u00e4nniskors liv, karri\u00e4rer och dr\u00f6mmar till projekt som lever p\u00e5 konstgjord andning \u00e4r inte v\u00e4rdigt. Inte heller \u00e4r det en v\u00e4g mot mer innovation som \u00e4r bra f\u00f6r milj\u00f6n.&#8221;<\/em><\/p>\n<p>Som sagt.<\/p>\n<p><a href=\"http:\/\/opportunisterna.blogspot.com\/2012\/09\/en-gron-bubbla.html\">Opportunisterna<\/a><\/p>\n","protected":false},"excerpt":{"rendered":"<p>I en debattartikel i SvD skriver Lydiah W\u00e5lsten p\u00e5 Timbro: \u200e&#8221;L\u00e4rdomen \u00e4r att alltf\u00f6r gener\u00f6sa st\u00f6d i kombination med opportunistiskt beteende skapar bubblor d\u00e4r f\u00f6retag kan g\u00f6ra riskfria vinster medan skattebetalarna f\u00e5r st\u00e5 f\u00f6r notan. Att knyta upp m\u00e5nga m\u00e4nniskors liv, karri\u00e4rer och dr\u00f6mmar till projekt som lever p\u00e5 konstgjord andning \u00e4r inte v\u00e4rdigt. Inte &hellip; <\/p>\n<p class=\"link-more\"><a href=\"https:\/\/vildavastra.se\/snurrigt\/2012\/09\/05\/en-gron-bubbla\/\" class=\"more-link\">Forts\u00e4tt l\u00e4sa<span class=\"screen-reader-text\"> \u201dEn gr\u00f6n bubbla\u201d<\/span><\/a><\/p>\n","protected":false},"author":1,"featured_media":0,"comment_status":"open","ping_status":"open","sticky":false,"template":"","format":"standard","meta":{"footnotes":""},"categories":[6],"tags":[],"class_list":["post-1097","post","type-post","status-publish","format-standard","hentry","category-svensk-vindkraft"],"_links":{"self":[{"href":"https:\/\/vildavastra.se\/snurrigt\/wp-json\/wp\/v2\/posts\/1097","targetHints":{"allow":["GET"]}}],"collection":[{"href":"https:\/\/vildavastra.se\/snurrigt\/wp-json\/wp\/v2\/posts"}],"about":[{"href":"https:\/\/vildavastra.se\/snurrigt\/wp-json\/wp\/v2\/types\/post"}],"author":[{"embeddable":true,"href":"https:\/\/vildavastra.se\/snurrigt\/wp-json\/wp\/v2\/users\/1"}],"replies":[{"embeddable":true,"href":"https:\/\/vildavastra.se\/snurrigt\/wp-json\/wp\/v2\/comments?post=1097"}],"version-history":[{"count":0,"href":"https:\/\/vildavastra.se\/snurrigt\/wp-json\/wp\/v2\/posts\/1097\/revisions"}],"wp:attachment":[{"href":"https:\/\/vildavastra.se\/snurrigt\/wp-json\/wp\/v2\/media?parent=1097"}],"wp:term":[{"taxonomy":"category","embeddable":true,"href":"https:\/\/vildavastra.se\/snurrigt\/wp-json\/wp\/v2\/categories?post=1097"},{"taxonomy":"post_tag","embeddable":true,"href":"https:\/\/vildavastra.se\/snurrigt\/wp-json\/wp\/v2\/tags?post=1097"}],"curies":[{"name":"wp","href":"https:\/\/api.w.org\/{rel}","templated":true}]}}