{"id":1108,"date":"2012-09-18T07:40:14","date_gmt":"2012-09-18T06:40:14","guid":{"rendered":"http:\/\/snurrigt.vildavastra.se\/?p=1108"},"modified":"2012-09-18T07:40:14","modified_gmt":"2012-09-18T06:40:14","slug":"vindkraftverk-for-vem","status":"publish","type":"post","link":"https:\/\/vildavastra.se\/snurrigt\/2012\/09\/18\/vindkraftverk-for-vem\/","title":{"rendered":"Vindkraftverk &#8211; f\u00f6r vem?"},"content":{"rendered":"<p>En bra ins\u00e4ndare av &#8221;Janne&#8221; i T\u00c5 genererade m\u00e5nga kommentarer i n\u00e4tupplagan. Tack Janne! Vi \u00e4r m\u00e5nga som delar dina k\u00e4nslor inf\u00f6r vad som h\u00e5ller p\u00e5 att ske i v\u00e5ra skogar. Vindkraft f\u00f6r vem? Ja, inte \u00e4r det f\u00f6r de m\u00e4nniskor som drabbas av vind &#8211; och skogsbolagens profitbeg\u00e4r..<\/p>\n<p><a href=\"http:\/\/allehanda.se\/opinion\/ordetfrittochdebatt\/1.5090239-vindkraftverk-for-vem-\">http:\/\/allehanda.se\/opinion\/ordetfrittochdebatt\/1.5090239-vindkraftverk-for-vem-<\/a><\/p>\n","protected":false},"excerpt":{"rendered":"<p>En bra ins\u00e4ndare av &#8221;Janne&#8221; i T\u00c5 genererade m\u00e5nga kommentarer i n\u00e4tupplagan. Tack Janne! Vi \u00e4r m\u00e5nga som delar dina k\u00e4nslor inf\u00f6r vad som h\u00e5ller p\u00e5 att ske i v\u00e5ra skogar. Vindkraft f\u00f6r vem? Ja, inte \u00e4r det f\u00f6r de m\u00e4nniskor som drabbas av vind &#8211; och skogsbolagens profitbeg\u00e4r.. http:\/\/allehanda.se\/opinion\/ordetfrittochdebatt\/1.5090239-vindkraftverk-for-vem-<\/p>\n","protected":false},"author":1,"featured_media":0,"comment_status":"open","ping_status":"open","sticky":false,"template":"","format":"standard","meta":{"footnotes":""},"categories":[6],"tags":[],"class_list":["post-1108","post","type-post","status-publish","format-standard","hentry","category-svensk-vindkraft"],"_links":{"self":[{"href":"https:\/\/vildavastra.se\/snurrigt\/wp-json\/wp\/v2\/posts\/1108","targetHints":{"allow":["GET"]}}],"collection":[{"href":"https:\/\/vildavastra.se\/snurrigt\/wp-json\/wp\/v2\/posts"}],"about":[{"href":"https:\/\/vildavastra.se\/snurrigt\/wp-json\/wp\/v2\/types\/post"}],"author":[{"embeddable":true,"href":"https:\/\/vildavastra.se\/snurrigt\/wp-json\/wp\/v2\/users\/1"}],"replies":[{"embeddable":true,"href":"https:\/\/vildavastra.se\/snurrigt\/wp-json\/wp\/v2\/comments?post=1108"}],"version-history":[{"count":0,"href":"https:\/\/vildavastra.se\/snurrigt\/wp-json\/wp\/v2\/posts\/1108\/revisions"}],"wp:attachment":[{"href":"https:\/\/vildavastra.se\/snurrigt\/wp-json\/wp\/v2\/media?parent=1108"}],"wp:term":[{"taxonomy":"category","embeddable":true,"href":"https:\/\/vildavastra.se\/snurrigt\/wp-json\/wp\/v2\/categories?post=1108"},{"taxonomy":"post_tag","embeddable":true,"href":"https:\/\/vildavastra.se\/snurrigt\/wp-json\/wp\/v2\/tags?post=1108"}],"curies":[{"name":"wp","href":"https:\/\/api.w.org\/{rel}","templated":true}]}}