{"id":1835,"date":"2013-05-07T09:11:33","date_gmt":"2013-05-07T08:11:33","guid":{"rendered":"http:\/\/snurrigt.vildavastra.se\/?p=1835"},"modified":"2013-05-07T09:11:33","modified_gmt":"2013-05-07T08:11:33","slug":"rena-rama-sanningen","status":"publish","type":"post","link":"https:\/\/vildavastra.se\/snurrigt\/2013\/05\/07\/rena-rama-sanningen\/","title":{"rendered":"Rena rama sanningen.."},"content":{"rendered":"<div>Sanningen om v\u00e5ra montagebilder&#8230;<\/div>\n<div>\u00a0<\/div>\n<div>Den planerade vindkraftsindustrin F\u00e4ngsj\u00f6\/Storsj\u00f6h\u00f6jden drivs av vindbolaget Forsca. <strong><a href=\"http:\/\/www.forsca.se\/om-forsca\/\">Forsca AB<\/a>\u00a0<\/strong>\u00a0\u00e4gs av\u00a0det stora norska rederiet <strong><em>Fred.Olsen Renewables och SCA<\/em>.<\/strong> Fred. Olsen Renewables \u00e4r ett systerbolag till en annan stor norsk\u00a0 vindkraftexploat\u00f6r i Sverige, n\u00e4mligen <strong><a href=\"http:\/\/stenarenewable.se\/projekt\/\">Stena Renewables<\/a>.<\/strong><\/div>\n<div>\u00a0<\/div>\n<div>B\u00e5da exploat\u00f6rerna anv\u00e4nder montagebilder till sina planerade vindparker som dessv\u00e4rre \u00e4r kraftigt f\u00f6rsk\u00f6nade och t.o.m. f\u00f6rvanskade. Detta \u00e4r inte ovanligt i vindkraftssammanhang, men det h\u00e4r visar\u00a0 ytterligare ett s\u00e4tt att felaktigt s\u00e4tt marknadsf\u00f6ra sina projekt och f\u00f6ra allm\u00e4nheten bakom ljuset. Sanningen ska inte komma fram f\u00f6rr\u00e4n projekten \u00e4r ett faktum.<\/div>\n<div>\u00a0<\/div>\n<div>De flesta montagebilder som ligger ute p\u00e5 vindbolaget\u00a0\u00a0<a href=\"http:\/\/www.forsca.se\/\"><strong>Forscas hemsida<\/strong>\u00a0<\/a>visar otydliga och ytterst vaga skuggor av hur vindverken egentligen kommer att visualiseras i omr\u00e5det. Vi har tagit oss friheten att markera vindverken p\u00e5 de bilder som vi visar &#8211; annars skulle de knappt synas!\u00a0 Urs\u00e4kta Forsca! \ud83d\ude09<\/div>\n<div>\u00a0<\/div>\n<div>Trots v\u00e5ra redigeringar s\u00e5 kan inte fotomontagen p\u00e5 ett r\u00e4ttvist s\u00e4tt visualisera hur det kommer att se ut i verkligheten. Den verkliga sanningen om den natur- och milj\u00f6f\u00f6rst\u00f6ring som vindkraftsexploateringen kommer att orsaka, kan inga fotomontagebilder i v\u00e4rlden\u00a0visa.<\/div>\n<div>\u00a0<\/div>\n<div>Ett exempel \u00e4r Forscas montagebild fr\u00e5n Omsj\u00f6:<\/div>\n<div>\u00a0<\/div>\n<div>\n<figure id=\"attachment_1836\" aria-describedby=\"caption-attachment-1836\" style=\"width: 600px\" class=\"wp-caption aligncenter\"><a href=\"http:\/\/snurrigt.vildavastra.se\/wp-content\/uploads\/2013\/05\/Montagebild-Forsca.jpg\"><img loading=\"lazy\" decoding=\"async\" class=\"size-medium wp-image-1836\" title=\"Montagebild Forsca\" src=\"http:\/\/snurrigt.vildavastra.se\/wp-content\/uploads\/2013\/05\/Montagebild-Forsca-600x216.jpg\" alt=\"Forscas montagebild\" width=\"600\" height=\"216\" \/><\/a><figcaption id=\"caption-attachment-1836\" class=\"wp-caption-text\">Forscas montagebild<\/figcaption><\/figure>\n<\/div>\n<div>\u00a0<\/p>\n<figure id=\"attachment_1837\" aria-describedby=\"caption-attachment-1837\" style=\"width: 600px\" class=\"wp-caption aligncenter\"><a href=\"http:\/\/snurrigt.vildavastra.se\/wp-content\/uploads\/2013\/05\/omsj\u00f6-montage-ljus.jpg\"><img loading=\"lazy\" decoding=\"async\" class=\"size-medium wp-image-1837\" title=\"omsj\u00f6 montage ljus\" src=\"http:\/\/snurrigt.vildavastra.se\/wp-content\/uploads\/2013\/05\/omsj\u00f6-montage-ljus-600x141.jpg\" alt=\"\" width=\"600\" height=\"141\" \/><\/a><figcaption id=\"caption-attachment-1837\" class=\"wp-caption-text\">Redigerat foto<\/figcaption><\/figure>\n<\/div>\n<div>\u00a0<\/div>\n<div>\u00a0<\/div>\n<div>\u00a0\u00c4nnu s\u00e4mre syns vindverken p\u00e5 fotomontaget fr\u00e5n Hallstaberget i Sollefte\u00e5\u00a0; dvs<em> DE SYNS INTE ALLS!<\/em> <span style=\"color: #333333;\">:<\/span><\/div>\n<div>\u00a0<\/div>\n<div>\n<figure id=\"attachment_1839\" aria-describedby=\"caption-attachment-1839\" style=\"width: 600px\" class=\"wp-caption aligncenter\"><a href=\"http:\/\/snurrigt.vildavastra.se\/wp-content\/uploads\/2013\/05\/hallstaberget.jpg\"><img loading=\"lazy\" decoding=\"async\" class=\"size-medium wp-image-1839\" title=\"hallstaberget\" src=\"http:\/\/snurrigt.vildavastra.se\/wp-content\/uploads\/2013\/05\/hallstaberget-600x354.jpg\" alt=\"\" width=\"600\" height=\"354\" \/><\/a><figcaption id=\"caption-attachment-1839\" class=\"wp-caption-text\">Forscas fotomontage Hallstaberget<\/figcaption><\/figure>\n<p>&nbsp;<\/p>\n<figure id=\"attachment_1840\" aria-describedby=\"caption-attachment-1840\" style=\"width: 600px\" class=\"wp-caption aligncenter\"><a href=\"http:\/\/snurrigt.vildavastra.se\/wp-content\/uploads\/2013\/05\/Hallstaberget-fotomontage-ljusare.jpg\"><img loading=\"lazy\" decoding=\"async\" class=\"size-medium wp-image-1840\" title=\"Hallstaberget fotomontage ljusare\" src=\"http:\/\/snurrigt.vildavastra.se\/wp-content\/uploads\/2013\/05\/Hallstaberget-fotomontage-ljusare-600x323.jpg\" alt=\"\" width=\"600\" height=\"323\" \/><\/a><figcaption id=\"caption-attachment-1840\" class=\"wp-caption-text\">Redigerat fotomontage<\/figcaption><\/figure>\n<\/div>\n<div>\u00a0<\/div>\n<div>\u00a0<\/div>\n<div>\u00a0P\u00e5 den h\u00e4r hemsidan st\u00e5r mera om Stena Renewables metoder: <strong><a href=\"http:\/\/www.fagraskruv.se\/120973113\">http:\/\/www.fagraskruv.se\/120973113<\/a><\/strong><\/div>\n<div>\u00a0<\/div>\n<div>\u00a0<\/div>\n<div>\u00a0<\/div>\n","protected":false},"excerpt":{"rendered":"<p>Sanningen om v\u00e5ra montagebilder&#8230; \u00a0 Den planerade vindkraftsindustrin F\u00e4ngsj\u00f6\/Storsj\u00f6h\u00f6jden drivs av vindbolaget Forsca. Forsca AB\u00a0\u00a0\u00e4gs av\u00a0det stora norska rederiet Fred.Olsen Renewables och SCA. Fred. Olsen Renewables \u00e4r ett systerbolag till en annan stor norsk\u00a0 vindkraftexploat\u00f6r i Sverige, n\u00e4mligen Stena Renewables. \u00a0 B\u00e5da exploat\u00f6rerna anv\u00e4nder montagebilder till sina planerade vindparker som dessv\u00e4rre \u00e4r kraftigt f\u00f6rsk\u00f6nade och &hellip; <\/p>\n<p class=\"link-more\"><a href=\"https:\/\/vildavastra.se\/snurrigt\/2013\/05\/07\/rena-rama-sanningen\/\" class=\"more-link\">Forts\u00e4tt l\u00e4sa<span class=\"screen-reader-text\"> \u201dRena rama sanningen..\u201d<\/span><\/a><\/p>\n","protected":false},"author":1,"featured_media":0,"comment_status":"open","ping_status":"open","sticky":false,"template":"","format":"standard","meta":{"footnotes":""},"categories":[6],"tags":[12,20,21],"class_list":["post-1835","post","type-post","status-publish","format-standard","hentry","category-svensk-vindkraft","tag-naturforstorelse","tag-vindkraften-solleftea-kommun","tag-vindprojektet-fangsjostorsjohojden"],"_links":{"self":[{"href":"https:\/\/vildavastra.se\/snurrigt\/wp-json\/wp\/v2\/posts\/1835","targetHints":{"allow":["GET"]}}],"collection":[{"href":"https:\/\/vildavastra.se\/snurrigt\/wp-json\/wp\/v2\/posts"}],"about":[{"href":"https:\/\/vildavastra.se\/snurrigt\/wp-json\/wp\/v2\/types\/post"}],"author":[{"embeddable":true,"href":"https:\/\/vildavastra.se\/snurrigt\/wp-json\/wp\/v2\/users\/1"}],"replies":[{"embeddable":true,"href":"https:\/\/vildavastra.se\/snurrigt\/wp-json\/wp\/v2\/comments?post=1835"}],"version-history":[{"count":0,"href":"https:\/\/vildavastra.se\/snurrigt\/wp-json\/wp\/v2\/posts\/1835\/revisions"}],"wp:attachment":[{"href":"https:\/\/vildavastra.se\/snurrigt\/wp-json\/wp\/v2\/media?parent=1835"}],"wp:term":[{"taxonomy":"category","embeddable":true,"href":"https:\/\/vildavastra.se\/snurrigt\/wp-json\/wp\/v2\/categories?post=1835"},{"taxonomy":"post_tag","embeddable":true,"href":"https:\/\/vildavastra.se\/snurrigt\/wp-json\/wp\/v2\/tags?post=1835"}],"curies":[{"name":"wp","href":"https:\/\/api.w.org\/{rel}","templated":true}]}}