{"id":2774,"date":"2014-01-13T17:36:44","date_gmt":"2014-01-13T16:36:44","guid":{"rendered":"http:\/\/snurrigt.vildavastra.se\/?p=2774"},"modified":"2020-11-03T16:06:07","modified_gmt":"2020-11-03T16:06:07","slug":"eon-expropierar-kraftledningsgator-for-vindkraftsindustrin-fangsjostorsjohojden","status":"publish","type":"post","link":"https:\/\/vildavastra.se\/snurrigt\/2014\/01\/13\/eon-expropierar-kraftledningsgator-for-vindkraftsindustrin-fangsjostorsjohojden\/","title":{"rendered":"E.ON planerar f\u00f6r kraftledningsgator f\u00f6r vindkraftsindustrin F\u00e4ngsj\u00f6\/Storsj\u00f6h\u00f6jden."},"content":{"rendered":"<p>E.ON Eln\u00e4t avser att ansluta vindkraftsindustrin F\u00e4ngsj\u00f6\/Storsj\u00f6h\u00f6jden till en befintlig station i Bet\u00e5sen. Ett utredningsomr\u00e5de har studerats och inom detta har ett antal alternativa och kombinerbara str\u00e5k identifierats.<\/p>\n<p>Mer information finns att l\u00e4sa p\u00e5\u00a0Eons hemsida:<a href=\" http:\/\/www.eon.se\/privatkund\/Produkter-och-priser\/Elnat\/Sakrare-elnat\/Regionnat\/Ny-kraftledning-till-vindkraftparkerna-Fangsjon-och-Storsjohojden\/\"> http:\/\/www.eon.se\/privatkund\/Produkter-och-priser\/Elnat\/Sakrare-elnat\/Regionnat\/Ny-kraftledning-till-vindkraftparkerna-Fangsjon-och-Storsjohojden\/<br \/>\n<\/a><\/p>\n<p>Kraftledningsgatorna kommer att bli ca 30-40 meter breda. Skog avverkas. Flera privata skogs\u00e4gare \u00e4r ber\u00f6rda, men de har hitintills inte f\u00e5tt n\u00e5gon som helst information om E.ON:s kraftledningsplaner.<\/p>\n<p>E.ON Eln\u00e4t till\u00e4mpar Ledningsr\u00e4tten, vilket krasst\u00a0inneb\u00e4r en expropriering dvs en tv\u00e5ngsinl\u00f6sen av skogsmark. Ers\u00e4ttningen till skogs\u00e4garna \u00e4r mycket, mycket liten, trots en\u00a0stor naturf\u00f6rst\u00f6relse och virkesf\u00f6rlust. (Roger Johansson LRF \u00a0informerar om\u00a0bl.a ers\u00e4ttningsniv\u00e5er\u00a0i filmen del 2 \u00a0<strong><a href=\"http:\/\/snurrigt.vildavastra.se\/?p=2743\">h\u00e4r<\/a>\u00a0<\/strong>) Detta \u00e4r \u00e4nnu en allvarlig och kr\u00e4nkande konsekvens av den vindkraftsexploatering som \u00e4r p\u00e5 g\u00e5ng i Sollefte\u00e5 kommun och v\u00e5r\u00a0lands\u00e4nda.<\/p>\n<p>Ev. yttranden ska vara inskickade senast den 31 januari 2014. Ingen adress finns angiven i T\u00c5:s annons, men h\u00e4r \u00e4r adressen:<\/p>\n<p>Mattias Montelin, \u00c5F Industry<br \/>\nBox 5014<br \/>\n250 05 Helsingborg<br \/>\nTel 010-505 50 32<br \/>\nMail: <a href=\"mailto:mattias.Montelius@afcomsult.com\">mattias.montelin@afconsult.com<\/a><\/p>\n<p>&nbsp;<\/p>\n<p><em><strong>Uppdatering.<\/strong><\/em> Mattias Montelin har i ett par mail till admin.\u00a0svarat p\u00e5 fr\u00e5gor. Han har ocks\u00e5 l\u00e4st\u00a0ovanst\u00e5ende inl\u00e4gg.\u00a0Jag har f\u00e5tt lov att delge Mattias svar h\u00e4r.\u00a0Tack Mattias! Jag citerar\u00a0det som \u00e4r relevanta\u00a0synpunkter\u00a0p\u00e5 ovanst\u00e5ende inl\u00e4gg:<\/p>\n<p><em>&#8221;Det g\u00e5r alldeles utm\u00e4rkt att l\u00e4mna sina synpunkter h\u00e4r via mail eller telefon.<\/em><br \/>\n<em> P\u00e5 den hemsideadress som anges i annonsen ligger \u00e4ven v\u00e5ra postadresser.<\/em><br \/>\n<em> Jag har l\u00e4st informationen p\u00e5 din\u00a0hemsida och den st\u00e4mmer till stor del men det \u00e4r synnerligen ovanligt med expropriation nuf\u00f6rtiden. D\u00e4remot har <span style=\"text-decoration: underline;\">ers\u00e4ttningsniv\u00e5erna<\/span> till mark\u00e4gare som ber\u00f6rs av nya ledningsgator st\u00f6d i expropriationslagen. Sedan den 1 augusti 2010 har villkoren f\u00f6rb\u00e4ttrats n\u00e5got f\u00f6r mark\u00e4gare.<\/em><br \/>\n<em> E.ON Eln\u00e4t str\u00e4var ist\u00e4llet efter frivilliga \u00f6verenskommelser med ber\u00f6rda mark\u00e4gare i form av servitut. Dessa kan sedan omvandlas till ledningsr\u00e4tter f\u00f6r att underl\u00e4tta framtida fastighets\u00e4ndringar med mera.<\/em><br \/>\n<em> E.ON Eln\u00e4t har anslutningsplikt f\u00f6r vindkraftanl\u00e4ggningarna och har frivilligt valt att genomf\u00f6ra dessa breda samr\u00e5d med allm\u00e4nheten tidigt i processen. Den planerade anslutningsledningen klassas, till skillnad fr\u00e5n vindkraftanl\u00e4ggningarna, inte fr\u00e5n b\u00f6rjan som \u201dBetydande Milj\u00f6p\u00e5verkan\u201d. Det \u00e4r f\u00f6rst efter l\u00e4nsstyrelsens BMP-beslut som vi vet vilken samr\u00e5dsniv\u00e5 som kommer att \u00a0kr\u00e4vas. Vi f\u00f6reg\u00e5r s\u00e5ledes beslutet och genomf\u00f6r dessa breda samr\u00e5d direkt. N\u00e4r vi beslutat om vilket str\u00e5k som \u00e4r mest l\u00e4mpligt och f\u00f6resl\u00e5r en eller flera str\u00e4ckningar s\u00e5 kommer <span style=\"text-decoration: underline;\">varje enskild ber\u00f6rd mark\u00e4gare<\/span> f\u00e5 utf\u00f6rlig information och ytterligare m\u00f6jligheter att l\u00e4mna synpunkter p\u00e5 ledningsstr\u00e4ckningen.&#8221;<\/em><\/p>\n<p><em>&#8221;Expropriation kan det endast bli tal om n\u00e4r tv\u00e5ngsinl\u00f6sen sker enligt Expropriationslagen. <\/em><em>Enligt Ledningsr\u00e4ttslagen h\u00e5lls en f\u00f6rr\u00e4ttning som inneb\u00e4r r\u00e4ttigheter och skyldigheter f\u00f6r b\u00e5de mark\u00e4garen och lednings\u00e4garen. Det skall inte j\u00e4mf\u00f6ras med expropriation. <\/em><em>En frivillig \u00f6verenskommelse minskar processtiden och jag ser inte varf\u00f6r detta skulle vara negativt p\u00e5 n\u00e5got s\u00e4tt. Vi f\u00e5r inte neka n\u00e5gon anslutning och d\u00e4rf\u00f6r vill vi ju g\u00f6ra detta s\u00e5 genomt\u00e4nkt som m\u00f6jligt d\u00e4r olika intressen m\u00e5ste v\u00e4rderas och beaktas. Vid s\u00e5 h\u00e4r omfattande anslutningar \u00e4r det i princip ofr\u00e5nkomligt att inte n\u00e5gons eller n\u00e5got intresse p\u00e5verkas. Majoriteten <span style=\"text-decoration: underline;\">kommer inte<\/span> ber\u00f6ras av ledningen. D\u00e4remot har flera f\u00f6reningar och samebyar f\u00e5tt information som en del av det <span style=\"text-decoration: underline;\">frivilliga<\/span> breda samr\u00e5det. Kompletterande information<br \/>\nkommer att g\u00e5 ut till ber\u00f6rda skogs\u00e4gare senare i processen.<\/em><br \/>\n<em> Vi f\u00f6r inte vindkraftbolagens talan utan f\u00f6rs\u00f6ker endast uppfylla v\u00e5r anslutningsplikt p\u00e5 b\u00e4sta m\u00f6jliga vis. <\/em><em>Inkomna synpunkter kommer \u00e4ven att redovisas i en samr\u00e5dsredog\u00f6relse som sedermera blir offentlig handling.\u00a0<\/em><\/p>\n<p><em>Mvh<\/em><\/p>\n<p><em><b>Mattias Montelin <\/b><\/em><br \/>\n<em> <b>Energi &amp; Elkraft <\/b><\/em><br \/>\n<b><em>\u00c5F, Industry AB<\/em> <\/b><\/p>\n<p>&nbsp;<\/p>\n<p>&nbsp;<\/p>\n","protected":false},"excerpt":{"rendered":"<p>E.ON Eln\u00e4t avser att ansluta vindkraftsindustrin F\u00e4ngsj\u00f6\/Storsj\u00f6h\u00f6jden till en befintlig station i Bet\u00e5sen. Ett utredningsomr\u00e5de har studerats och inom detta har ett antal alternativa och kombinerbara str\u00e5k identifierats. Mer information finns att l\u00e4sa p\u00e5\u00a0Eons hemsida: http:\/\/www.eon.se\/privatkund\/Produkter-och-priser\/Elnat\/Sakrare-elnat\/Regionnat\/Ny-kraftledning-till-vindkraftparkerna-Fangsjon-och-Storsjohojden\/ Kraftledningsgatorna kommer att bli ca 30-40 meter breda. Skog avverkas. Flera privata skogs\u00e4gare \u00e4r ber\u00f6rda, men de har hitintills &hellip; <\/p>\n<p class=\"link-more\"><a href=\"https:\/\/vildavastra.se\/snurrigt\/2014\/01\/13\/eon-expropierar-kraftledningsgator-for-vindkraftsindustrin-fangsjostorsjohojden\/\" class=\"more-link\">Forts\u00e4tt l\u00e4sa<span class=\"screen-reader-text\"> \u201dE.ON planerar f\u00f6r kraftledningsgator f\u00f6r vindkraftsindustrin F\u00e4ngsj\u00f6\/Storsj\u00f6h\u00f6jden.\u201d<\/span><\/a><\/p>\n","protected":false},"author":1,"featured_media":0,"comment_status":"open","ping_status":"open","sticky":false,"template":"","format":"standard","meta":{"footnotes":""},"categories":[6],"tags":[12,13,20,21],"class_list":["post-2774","post","type-post","status-publish","format-standard","hentry","category-svensk-vindkraft","tag-naturforstorelse","tag-norrland","tag-vindkraften-solleftea-kommun","tag-vindprojektet-fangsjostorsjohojden"],"_links":{"self":[{"href":"https:\/\/vildavastra.se\/snurrigt\/wp-json\/wp\/v2\/posts\/2774","targetHints":{"allow":["GET"]}}],"collection":[{"href":"https:\/\/vildavastra.se\/snurrigt\/wp-json\/wp\/v2\/posts"}],"about":[{"href":"https:\/\/vildavastra.se\/snurrigt\/wp-json\/wp\/v2\/types\/post"}],"author":[{"embeddable":true,"href":"https:\/\/vildavastra.se\/snurrigt\/wp-json\/wp\/v2\/users\/1"}],"replies":[{"embeddable":true,"href":"https:\/\/vildavastra.se\/snurrigt\/wp-json\/wp\/v2\/comments?post=2774"}],"version-history":[{"count":3,"href":"https:\/\/vildavastra.se\/snurrigt\/wp-json\/wp\/v2\/posts\/2774\/revisions"}],"predecessor-version":[{"id":6061,"href":"https:\/\/vildavastra.se\/snurrigt\/wp-json\/wp\/v2\/posts\/2774\/revisions\/6061"}],"wp:attachment":[{"href":"https:\/\/vildavastra.se\/snurrigt\/wp-json\/wp\/v2\/media?parent=2774"}],"wp:term":[{"taxonomy":"category","embeddable":true,"href":"https:\/\/vildavastra.se\/snurrigt\/wp-json\/wp\/v2\/categories?post=2774"},{"taxonomy":"post_tag","embeddable":true,"href":"https:\/\/vildavastra.se\/snurrigt\/wp-json\/wp\/v2\/tags?post=2774"}],"curies":[{"name":"wp","href":"https:\/\/api.w.org\/{rel}","templated":true}]}}