{"id":3118,"date":"2014-07-28T10:56:33","date_gmt":"2014-07-28T09:56:33","guid":{"rendered":"http:\/\/snurrigt.vildavastra.se\/?p=3118"},"modified":"2014-07-28T10:56:33","modified_gmt":"2014-07-28T09:56:33","slug":"samiska-fornlamningar-hittade-i-planerat-vk-omrade-fangsjostorsjohojden","status":"publish","type":"post","link":"https:\/\/vildavastra.se\/snurrigt\/2014\/07\/28\/samiska-fornlamningar-hittade-i-planerat-vk-omrade-fangsjostorsjohojden\/","title":{"rendered":"Samiska fornl\u00e4mningar hittade i planerat vk-omr\u00e5de (F\u00e4ngsj\u00f6\/Storsj\u00f6h\u00f6jden)"},"content":{"rendered":"<p>&#8221;<strong>Samiska fornl\u00e4mningar vid plats f\u00f6r planerad vindkraftspark<\/strong>&#8221; (F\u00e4ngsj\u00f6\/Storsj\u00f6h\u00f6jden)<br \/>\nPublicerad: tis, 2014-07-15 09:46 i Svt.se :<\/p>\n<div id=\"id_53d61aa093d241816837017\" class=\"text_exposed_root text_exposed\">\n<p><em>&#8221;St\u00f6rsta samlingen samiska h\u00e4rdar i V\u00e4sternorrland och J\u00e4mtland<\/em><br \/>\n<em> Ett 60-tal hittills ok\u00e4nda fornl\u00e4mningar har p\u00e5 kort tid p\u00e5tr\u00e4ffats i Resele, nordv\u00e4st om Sollefte\u00e5. Bland fynden m\u00e4rks ett st\u00f6rre antal h\u00e4rdar av samisk typ, skriver Svt.se.<span class=\"text_exposed_hide\">&#8230;<\/span><span class=\"text_exposed_show\"><br \/>\nI trakterna av Tannfloh\u00f6jden och Storsj\u00f6h\u00f6jden planeras en st\u00f6rre vindkraftsutbyggnad. D\u00e4rf\u00f6r har det under en tid p\u00e5g\u00e5tt arkeologiska unders\u00f6kningarna. Nu har ett antal fornl\u00e4mningar hittats och enligt arkeologerna r\u00f6r det sig om den st\u00f6rsta samlingen samiska h\u00e4rdar som p\u00e5tr\u00e4ffats i skogslandet i V\u00e4sternorrlands och J\u00e4mtlands l\u00e4n.&#8221;<\/span><\/em><\/p>\n<div class=\"text_exposed_show\">\n<p><a href=\"http:\/\/www.allehanda.se\/angermanland\/solleftea\/fornlamningar-i-resele\" target=\"_blank\" rel=\"nofollow\">http:\/\/www.allehanda.se\/angermanland\/solleftea\/fornlamningar<\/a><\/p>\n<p>I T\u00c5:s artikel (l\u00e4nken ovan)\u00a0g\u00f6r Voernese samebys ordf\u00f6rande Tomas Kroik\u00a0f\u00f6ljande uttalande:<\/p>\n<p><em>&#8221;Thomas Kroik pekar p\u00e5 att rapporten dels kan anv\u00e4ndas f\u00f6r att skriva om samernas historia och g\u00f6ra den mer r\u00e4ttvisande, och dels p\u00e5visa att de planerade vindkraftparkerna st\u00f6r samernas verksamhet.<\/em><\/p>\n<p><em>\u2013 Vindkraftsbyggen riskerar att spoliera rensk\u00f6tseln. Vi f\u00e5r allt tr\u00e4ngre marker n\u00e4r man bygger fler och fler vindkraftsparker.<\/em><\/p>\n<p><em>Thomas Kroik tror inte\u00a0att Bernt Ove Viklunds rapport kommer att stoppa n\u00e5got planerat vindkraftsbygge men menar att den \u00e4r viktig f\u00f6r historiens skull. Bernt Ove Viklund ser ocks\u00e5 inventeringen som viktig eftersom alla fornl\u00e4mningar ska registreras enligt kulturminneslagen. &#8221;<\/em><\/p>\n<\/div>\n<\/div>\n<p>Kroiks uttalande\u00a0ska begrundas lite\u00a0djupare\u00a0med tanke p\u00e5\u00a0det\u00a0saftiga ekonomiska avtal som hans sameby gjorde med vindbolaget Forsca. Forsca\u00a0planerar att\u00a0bygga 152 vindkraftsnurror i det aktuella omr\u00e5det. Om samebyarna hade sagt nej till vindkraftsutbyggnaden s\u00e5\u00a0skulle de eventuella historiska samel\u00e4mningarna bevarats. Men s\u00e5 viktiga var\u00a0 l\u00e4mningarna\u00a0uppenbarligen inte f\u00f6r samerna eller renn\u00e4ringen om man tittar p\u00e5 det h\u00e4r sveket\u00a0:\u00a0 <a href=\"%20http:\/\/snurrigt.vildavastra.se\/?p=2163 \" target=\"_blank\">http:\/\/snurrigt.vildavastra.se\/?p=2163 <\/a><\/p>\n","protected":false},"excerpt":{"rendered":"<p>&#8221;Samiska fornl\u00e4mningar vid plats f\u00f6r planerad vindkraftspark&#8221; (F\u00e4ngsj\u00f6\/Storsj\u00f6h\u00f6jden) Publicerad: tis, 2014-07-15 09:46 i Svt.se : &#8221;St\u00f6rsta samlingen samiska h\u00e4rdar i V\u00e4sternorrland och J\u00e4mtland Ett 60-tal hittills ok\u00e4nda fornl\u00e4mningar har p\u00e5 kort tid p\u00e5tr\u00e4ffats i Resele, nordv\u00e4st om Sollefte\u00e5. Bland fynden m\u00e4rks ett st\u00f6rre antal h\u00e4rdar av samisk typ, skriver Svt.se.&#8230; I trakterna av Tannfloh\u00f6jden och &hellip; <\/p>\n<p class=\"link-more\"><a href=\"https:\/\/vildavastra.se\/snurrigt\/2014\/07\/28\/samiska-fornlamningar-hittade-i-planerat-vk-omrade-fangsjostorsjohojden\/\" class=\"more-link\">Forts\u00e4tt l\u00e4sa<span class=\"screen-reader-text\"> \u201dSamiska fornl\u00e4mningar hittade i planerat vk-omr\u00e5de (F\u00e4ngsj\u00f6\/Storsj\u00f6h\u00f6jden)\u201d<\/span><\/a><\/p>\n","protected":false},"author":1,"featured_media":0,"comment_status":"open","ping_status":"open","sticky":false,"template":"","format":"standard","meta":{"footnotes":""},"categories":[6],"tags":[12,20,21],"class_list":["post-3118","post","type-post","status-publish","format-standard","hentry","category-svensk-vindkraft","tag-naturforstorelse","tag-vindkraften-solleftea-kommun","tag-vindprojektet-fangsjostorsjohojden"],"_links":{"self":[{"href":"https:\/\/vildavastra.se\/snurrigt\/wp-json\/wp\/v2\/posts\/3118","targetHints":{"allow":["GET"]}}],"collection":[{"href":"https:\/\/vildavastra.se\/snurrigt\/wp-json\/wp\/v2\/posts"}],"about":[{"href":"https:\/\/vildavastra.se\/snurrigt\/wp-json\/wp\/v2\/types\/post"}],"author":[{"embeddable":true,"href":"https:\/\/vildavastra.se\/snurrigt\/wp-json\/wp\/v2\/users\/1"}],"replies":[{"embeddable":true,"href":"https:\/\/vildavastra.se\/snurrigt\/wp-json\/wp\/v2\/comments?post=3118"}],"version-history":[{"count":0,"href":"https:\/\/vildavastra.se\/snurrigt\/wp-json\/wp\/v2\/posts\/3118\/revisions"}],"wp:attachment":[{"href":"https:\/\/vildavastra.se\/snurrigt\/wp-json\/wp\/v2\/media?parent=3118"}],"wp:term":[{"taxonomy":"category","embeddable":true,"href":"https:\/\/vildavastra.se\/snurrigt\/wp-json\/wp\/v2\/categories?post=3118"},{"taxonomy":"post_tag","embeddable":true,"href":"https:\/\/vildavastra.se\/snurrigt\/wp-json\/wp\/v2\/tags?post=3118"}],"curies":[{"name":"wp","href":"https:\/\/api.w.org\/{rel}","templated":true}]}}