{"id":4090,"date":"2015-11-23T07:12:34","date_gmt":"2015-11-23T06:12:34","guid":{"rendered":"http:\/\/snurrigt.vildavastra.se\/?p=4090"},"modified":"2015-11-23T07:12:34","modified_gmt":"2015-11-23T06:12:34","slug":"riksdagsbeslutet-att-oka-subventioner-till-fornybar-energi-saknar-saklig-grund","status":"publish","type":"post","link":"https:\/\/vildavastra.se\/snurrigt\/2015\/11\/23\/riksdagsbeslutet-att-oka-subventioner-till-fornybar-energi-saknar-saklig-grund\/","title":{"rendered":"Riksdagsbeslutet att \u00f6ka subventioner till f\u00f6rnybar energi saknar saklig grund"},"content":{"rendered":"<p><a href=\"http:\/\/snurrigt.vildavastra.se\/wp-content\/uploads\/2015\/11\/980.jpg\"><img loading=\"lazy\" decoding=\"async\" class=\"aligncenter size-medium wp-image-4091\" src=\"http:\/\/snurrigt.vildavastra.se\/wp-content\/uploads\/2015\/11\/980-600x400.jpg\" alt=\"980\" width=\"600\" height=\"400\" \/><\/a><\/p>\n<p>Riksdagen beslutade 21 oktober att \u00f6ka subventionerna till f\u00f6rnybar energi, i f\u00f6rsta hand vindkraft, och att h\u00f6ja m\u00e5let fr\u00e5n 25 till 30 TWh. Beslutet saknar saklig grund och \u00e4r i huvudsak ett resultat av l\u00e5ngvarig desinformation fr\u00e5n ekonomiska och politiska s\u00e4rintressen f\u00f6r att vilseleda allm\u00e4nhet och beslutsfattare. Nuvarande politik medf\u00f6r att Sverige, till en merkostnad av hundratals miljarder, f\u00e5r ett elsystem med \u00f6kade koldioxidutsl\u00e4pp, h\u00f6gre energikostnader, h\u00f6gre n\u00e4tkostnader samt s\u00e4mre tillf\u00f6rlitlighet och s\u00e4mre stabilitet.<\/p>\n<p><b>\u00c5terkommande <\/b>h\u00e4vdas i tidningar, radio och TV att svensk k\u00e4rnkraft \u00e4r gammal och inte kan konkurrera med solenergi eller vindkraft. P\u00e5st\u00e5endet \u00e4r grundl\u00f6st! Det som st\u00e4nger k\u00e4rnkraftverken, m\u00e5nga renoverade till nyskick och s\u00e5ledes inte att betrakta som gamla, \u00e4r svensk skattepolitik. Den senaste, enligt regeringen marginella, h\u00f6jningen av straffskatten p\u00e5 k\u00e4rnkraft \u00f6kar driftkostnaderna med cirka 20 procent.<\/p>\n<p>D\u00e4remot konkurrerar svensk vindkraft med dansk och tysk vindkraft med hj\u00e4lp av stora subventioner. Vindkraften m\u00e5ste exporteras eftersom det saknas utrymme p\u00e5 den svenska marknaden och Sverige f\u00e5r inte ens ut halva sj\u00e4lvkostnaden. F\u00f6rlusten t\u00e4cks av svenska elkonsumenter och skattebetalare. Trots dessa stora subventioner kr\u00e4ver vindkraftsbranschen \u00e4nnu mer. Svensk Vindenergi menar att politikerna i V\u00e4sternorrland b\u00f6r underl\u00e4tta f\u00f6r utbyggnaden av vindkraft i l\u00e4nets kommuner. Det kommer b\u00e5de att gynna klimatet och vara l\u00f6nsamt f\u00f6r elkonsumenterna i V\u00e4sternorrland.<\/p>\n<p><b>Hur kan en<\/b> utbyggnad av el som \u00e4r milj\u00f6m\u00e4ssigt s\u00e4mre och mycket dyrare \u00e4n den el vi redan har i \u00f6verskott vara bra? Hur mycket ska politiska dr\u00f6mmar och okunskap f\u00e5 kosta landet?<\/p>\n<p>Lite pikant i sammanhanget \u00e4r att kommunalr\u00e5det Lassen i Sollefte\u00e5, som med r\u00e4tta \u00e4r uppr\u00f6rd \u00f6ver bristen p\u00e5 \u00f6ppenhet och sakligt underlag i landstingets hantering av sjukhusfr\u00e5gan, sj\u00e4lv agerar \u00e4nnu v\u00e4rre betr\u00e4ffande vindkraften. Hon verkar totalt ointresserad av medborgarnas bekymmer \u00f6ver milj\u00f6konsekvenserna och medverkar till att bevilja vindkraftstillst\u00e5nd utan att det ens finns en godk\u00e4nd ans\u00f6kan. N\u00e5gra sakliga underlag eller konsekvensutredningar finns inte, kommunpolitikerna kan f\u00f6r lite och h\u00e4nvisar till kommunens ansvarige tj\u00e4nsteman, som v\u00e4grar att svara p\u00e5 fr\u00e5gor.<\/p>\n<p class=\"subheadline\">Per Fahl\u00e9n<\/p>\n<p>&nbsp;<\/p>\n","protected":false},"excerpt":{"rendered":"<p>Riksdagen beslutade 21 oktober att \u00f6ka subventionerna till f\u00f6rnybar energi, i f\u00f6rsta hand vindkraft, och att h\u00f6ja m\u00e5let fr\u00e5n 25 till 30 TWh. Beslutet saknar saklig grund och \u00e4r i huvudsak ett resultat av l\u00e5ngvarig desinformation fr\u00e5n ekonomiska och politiska s\u00e4rintressen f\u00f6r att vilseleda allm\u00e4nhet och beslutsfattare. Nuvarande politik medf\u00f6r att Sverige, till en merkostnad &hellip; <\/p>\n<p class=\"link-more\"><a href=\"https:\/\/vildavastra.se\/snurrigt\/2015\/11\/23\/riksdagsbeslutet-att-oka-subventioner-till-fornybar-energi-saknar-saklig-grund\/\" class=\"more-link\">Forts\u00e4tt l\u00e4sa<span class=\"screen-reader-text\"> \u201dRiksdagsbeslutet att \u00f6ka subventioner till f\u00f6rnybar energi saknar saklig grund\u201d<\/span><\/a><\/p>\n","protected":false},"author":1,"featured_media":0,"comment_status":"open","ping_status":"open","sticky":false,"template":"","format":"standard","meta":{"footnotes":""},"categories":[6],"tags":[12,20],"class_list":["post-4090","post","type-post","status-publish","format-standard","hentry","category-svensk-vindkraft","tag-naturforstorelse","tag-vindkraften-solleftea-kommun"],"_links":{"self":[{"href":"https:\/\/vildavastra.se\/snurrigt\/wp-json\/wp\/v2\/posts\/4090","targetHints":{"allow":["GET"]}}],"collection":[{"href":"https:\/\/vildavastra.se\/snurrigt\/wp-json\/wp\/v2\/posts"}],"about":[{"href":"https:\/\/vildavastra.se\/snurrigt\/wp-json\/wp\/v2\/types\/post"}],"author":[{"embeddable":true,"href":"https:\/\/vildavastra.se\/snurrigt\/wp-json\/wp\/v2\/users\/1"}],"replies":[{"embeddable":true,"href":"https:\/\/vildavastra.se\/snurrigt\/wp-json\/wp\/v2\/comments?post=4090"}],"version-history":[{"count":0,"href":"https:\/\/vildavastra.se\/snurrigt\/wp-json\/wp\/v2\/posts\/4090\/revisions"}],"wp:attachment":[{"href":"https:\/\/vildavastra.se\/snurrigt\/wp-json\/wp\/v2\/media?parent=4090"}],"wp:term":[{"taxonomy":"category","embeddable":true,"href":"https:\/\/vildavastra.se\/snurrigt\/wp-json\/wp\/v2\/categories?post=4090"},{"taxonomy":"post_tag","embeddable":true,"href":"https:\/\/vildavastra.se\/snurrigt\/wp-json\/wp\/v2\/tags?post=4090"}],"curies":[{"name":"wp","href":"https:\/\/api.w.org\/{rel}","templated":true}]}}