{"id":4182,"date":"2016-02-13T07:15:22","date_gmt":"2016-02-13T06:15:22","guid":{"rendered":"http:\/\/snurrigt.vildavastra.se\/?p=4182"},"modified":"2016-02-13T07:15:22","modified_gmt":"2016-02-13T06:15:22","slug":"gront-som-inte-ar-gront","status":"publish","type":"post","link":"https:\/\/vildavastra.se\/snurrigt\/2016\/02\/13\/gront-som-inte-ar-gront\/","title":{"rendered":"Gr\u00f6nt som inte \u00e4r gr\u00f6nt"},"content":{"rendered":"<p>Fr\u00e5n Vasabladet 07.02.16<\/p>\n<p>Vi \u00e4r m\u00e5nga som skriver under det som Kaj L\u00f6fvik skrivit i sin artikel. Vindkraftsbolagen, med myndigheternas\u00a0till\u00e5telse,\u00a0har r\u00e4tt att sk\u00f6vla natur och skogsomr\u00e5den som tidigare varit skyddade. Ingen h\u00e4nsyn tas till de m\u00e4nniskor som bor i n\u00e4romr\u00e5det. Vindkraftbolagens ord om &#8221;milj\u00f6h\u00e4nsyn&#8221; \u00e4r intet v\u00e4rd.<\/p>\n<p><a href=\"http:\/\/snurrigt.vildavastra.se\/wp-content\/uploads\/2016\/02\/12705394_993216357433933_4257231366585414993_n.jpg\" rel=\"attachment wp-att-4183\"><img loading=\"lazy\" decoding=\"async\" class=\"aligncenter wp-image-4183 size-full\" src=\"http:\/\/snurrigt.vildavastra.se\/wp-content\/uploads\/2016\/02\/12705394_993216357433933_4257231366585414993_n.jpg\" alt=\"12705394_993216357433933_4257231366585414993_n\" width=\"718\" height=\"960\" \/><\/a><\/p>\n","protected":false},"excerpt":{"rendered":"<p>Fr\u00e5n Vasabladet 07.02.16 Vi \u00e4r m\u00e5nga som skriver under det som Kaj L\u00f6fvik skrivit i sin artikel. Vindkraftsbolagen, med myndigheternas\u00a0till\u00e5telse,\u00a0har r\u00e4tt att sk\u00f6vla natur och skogsomr\u00e5den som tidigare varit skyddade. Ingen h\u00e4nsyn tas till de m\u00e4nniskor som bor i n\u00e4romr\u00e5det. Vindkraftbolagens ord om &#8221;milj\u00f6h\u00e4nsyn&#8221; \u00e4r intet v\u00e4rd.<\/p>\n","protected":false},"author":1,"featured_media":0,"comment_status":"open","ping_status":"open","sticky":false,"template":"","format":"standard","meta":{"footnotes":""},"categories":[6],"tags":[],"class_list":["post-4182","post","type-post","status-publish","format-standard","hentry","category-svensk-vindkraft"],"_links":{"self":[{"href":"https:\/\/vildavastra.se\/snurrigt\/wp-json\/wp\/v2\/posts\/4182","targetHints":{"allow":["GET"]}}],"collection":[{"href":"https:\/\/vildavastra.se\/snurrigt\/wp-json\/wp\/v2\/posts"}],"about":[{"href":"https:\/\/vildavastra.se\/snurrigt\/wp-json\/wp\/v2\/types\/post"}],"author":[{"embeddable":true,"href":"https:\/\/vildavastra.se\/snurrigt\/wp-json\/wp\/v2\/users\/1"}],"replies":[{"embeddable":true,"href":"https:\/\/vildavastra.se\/snurrigt\/wp-json\/wp\/v2\/comments?post=4182"}],"version-history":[{"count":0,"href":"https:\/\/vildavastra.se\/snurrigt\/wp-json\/wp\/v2\/posts\/4182\/revisions"}],"wp:attachment":[{"href":"https:\/\/vildavastra.se\/snurrigt\/wp-json\/wp\/v2\/media?parent=4182"}],"wp:term":[{"taxonomy":"category","embeddable":true,"href":"https:\/\/vildavastra.se\/snurrigt\/wp-json\/wp\/v2\/categories?post=4182"},{"taxonomy":"post_tag","embeddable":true,"href":"https:\/\/vildavastra.se\/snurrigt\/wp-json\/wp\/v2\/tags?post=4182"}],"curies":[{"name":"wp","href":"https:\/\/api.w.org\/{rel}","templated":true}]}}