{"id":4187,"date":"2016-02-14T10:07:09","date_gmt":"2016-02-14T09:07:09","guid":{"rendered":"http:\/\/snurrigt.vildavastra.se\/?p=4187"},"modified":"2016-02-14T10:07:09","modified_gmt":"2016-02-14T09:07:09","slug":"svar-fran-mpd-harnosand-pa-oppet-brev","status":"publish","type":"post","link":"https:\/\/vildavastra.se\/snurrigt\/2016\/02\/14\/svar-fran-mpd-harnosand-pa-oppet-brev\/","title":{"rendered":"Svar fr\u00e5n MPD H\u00e4rn\u00f6sand p\u00e5 \u00f6ppet brev"},"content":{"rendered":"<p lang=\"sv-SE\">Ett svar har kommit p\u00e5 <a href=\"http:\/\/snurrigt.vildavastra.se\/?p=4142\" target=\"_blank\">en skrivelse till Milj\u00f6pr\u00f6vningsdelegationen<\/a> i H\u00e4rn\u00f6sand den\u00a02015-11-13 fr\u00e5n<\/p>\n<p lang=\"sv-SE\">Arbetsgruppen f\u00f6r livsmilj\u00f6 i Sollefte\u00e5<br \/>\n\u00c5ke Wikstr\u00f6m e.u.<br \/>\n062310417@telia.com<\/p>\n<p><strong><span style=\"font-family: Trebuchet MS; font-size: small;\">\u00a0<\/span><\/strong><\/p>\n<p><span style=\"font-family: Trebuchet MS; font-size: large;\"><b>Svar ang\u00e5ende till milj\u00f6pr\u00f6vningsdelegationen inkommen skrivelse\/\u00f6ppet brev<\/b><\/span><\/p>\n<p><strong><span style=\"font-family: Trebuchet MS; font-size: small;\">2016-02-12\u00a0 <\/span><\/strong><\/p>\n<p><span style=\"font-family: Georgia, serif;\"><span style=\"font-size: small;\">Milj\u00f6pr\u00f6vningsdelegationen vid L\u00e4nsstyrelsen V\u00e4sternorrland har tagit emot Er\u00a0skrivelse \u201d\u00d6ppet brev till Milj\u00f6pr\u00f6vningsdelegationen\u201d, daterad den 13 november 2015. Vi beklagar den l\u00e5nga svarstiden, som beror p\u00e5 en kombination av sjukdomsfall och en mycket h\u00f6g arbetsbelastning.<\/span><\/span><\/p>\n<p><span style=\"font-family: Georgia, serif;\"><span style=\"font-size: small;\">Delegationen har inte anledning att g\u00f6ra n\u00e5gon generell bed\u00f6mning av kvaliteten eller tillf\u00f6rlitligheten i de rapporter Ni h\u00e4nvisar till i skrivelsen. I likhet med andra rapporter och annat kunskapsunderlag om vindkraftverksamheter kan de bidra med relevant och v\u00e4rdefull bakgrundskunskap och information om forskningsl\u00e4get i olika avseenden n\u00e4r det g\u00e4ller vindraftverksamheters milj\u00f6- och h\u00e4lsop\u00e5verkan. Milj\u00f6pr\u00f6vningsdelegationen anser allts\u00e5 inte att det g\u00e5r att generellt avf\u00e4rda dessa rapporter. Enligt delegationens bed\u00f6mning kan det samtidigt inte bli aktuellt att enbart utifr\u00e5n en eller ett par forskningsrapporter dra slutsatsen att det kr\u00e4vs en omedelbar \u00e4ndring av etablerad praxis, v\u00e4gledning och annat utredningsmaterial r\u00f6rande p\u00e5verkan fr\u00e5n vindkraftverksamheter. Vid pr\u00f6vning av de ans\u00f6kningar som l\u00e4mnas in inh\u00e4mtas och anv\u00e4nds det underlag som \u00e4r relevant i varje enskilt fall, och det kan d\u00e5 t\u00e4nkas att den kunskap och information som framg\u00e5r av de h\u00e4nvisade rapporterna bed\u00f6ms vara relevant.<\/span><\/span><\/p>\n<p><span style=\"font-family: Georgia, serif;\"><span style=\"font-size: small;\">N\u00e4r det g\u00e4ller fr\u00e5gan om Folkh\u00e4lsomyndighetens allm\u00e4nna r\u00e5d om l\u00e5gfrekvent ljud inomhus, h\u00e4nvisar milj\u00f6pr\u00f6vningsdelegationen till vad som angetts i svaret p\u00e5 Ert f\u00f6reg\u00e5ende brev, daterat den 6 november 2015.<\/span><\/span><\/p>\n<p><span style=\"font-family: Georgia, serif;\"><span style=\"font-size: small;\">Som det ocks\u00e5 redovisades i milj\u00f6pr\u00f6vningsdelegationens svar fr\u00e5n den 6 november 2015, utreds och bed\u00f6ms under pr\u00f6vningen den ans\u00f6kta vindkraftsetableringens p\u00e5verkan ur olika aspekter och en avv\u00e4gning g\u00f6rs mellan de konkurrerande intressen som finns vid den aktuella platsen. I det sammanhanget v\u00e4gs bland annat synpunkter och erfarenheter fr\u00e5n n\u00e4rboende och andra ber\u00f6rda in som ett av de intressen som ska beaktas. H\u00e4nsynsreglerna och avv\u00e4gningsbest\u00e4mmelserna i 2 kap. milj\u00f6balken inneb\u00e4r dock inget absolut f\u00f6rbud eller hinder mot alla st\u00f6rningar f\u00f6r m\u00e4nniskors h\u00e4lsa eller milj\u00f6n, utan f\u00f6reskriver att en rimlighetsavv\u00e4gning mellan olika intressen ska g\u00f6ras vid pr\u00f6vningen.<\/span><\/span><\/p>\n<p><a name=\"_GoBack\"><\/a> <span style=\"font-family: Georgia, serif;\"><span style=\"font-size: small;\">Milj\u00f6pr\u00f6vningsdelegationen tar l\u00f6pande del av <\/span><\/span><span style=\"font-family: Georgia, serif;\"><span style=\"font-size: small;\">den kunskap som inh\u00e4mtas och presenteras inom relevant forskning, <\/span><\/span><span style=\"font-family: Georgia, serif;\"><span style=\"font-size: small;\">p\u00e5g\u00e5ende och avslutade utredningar, <\/span><\/span><span style=\"font-family: Georgia, serif;\"><span style=\"font-size: small;\">tillsyns<\/span><\/span><span style=\"font-family: Georgia, serif;\"><span style=\"font-size: small;\">erfarenheter och sj\u00e4lvklart \u00e4ven yttranden och st\u00f6rningsrapporter. Detta tillsammans med <\/span><\/span><span style=\"font-family: Georgia, serif;\"><span style=\"font-size: small;\">g\u00e4llande lagstiftning, s\u00e5som f\u00f6rvaltningslagen och milj\u00f6balken och de f\u00f6reskrifter som meddelats med st\u00f6d av dessa lagar, samt den praxis som tillkommit genom avg\u00f6randen fr\u00e5n Mark- och milj\u00f6\u00f6verdomstolen, utg\u00f6r grunden f\u00f6r delegationens bed\u00f6mning i varje enskilt \u00e4rende. Utifr\u00e5n detta bed\u00f6ms sedan ans\u00f6kan med milj\u00f6konsekvensbeskrivning och de utredningar, underlag och annat material som har getts in, tillsammans med synpunkter och underlag fr\u00e5n remissmyndigheter och andra ber\u00f6rda som yttrar sig i \u00e4rendet.<\/span><\/span><\/p>\n<p><span style=\"font-family: Georgia, serif;\"><span style=\"font-size: small;\">Med v\u00e4nliga h\u00e4lsningar<\/span><\/span><\/p>\n<p><span style=\"font-family: Georgia, serif;\"><span style=\"font-size: small;\">Joakim Kruse<\/span><\/span><\/p>\n<p><span style=\"font-family: Georgia, serif;\"><span style=\"font-size: small;\">Ordf\u00f6rande i milj\u00f6pr\u00f6vningsdelegationen<\/span><\/span><\/p>\n","protected":false},"excerpt":{"rendered":"<p>Ett svar har kommit p\u00e5 en skrivelse till Milj\u00f6pr\u00f6vningsdelegationen i H\u00e4rn\u00f6sand den\u00a02015-11-13 fr\u00e5n Arbetsgruppen f\u00f6r livsmilj\u00f6 i Sollefte\u00e5 \u00c5ke Wikstr\u00f6m e.u. 062310417@telia.com \u00a0 Svar ang\u00e5ende till milj\u00f6pr\u00f6vningsdelegationen inkommen skrivelse\/\u00f6ppet brev 2016-02-12\u00a0 Milj\u00f6pr\u00f6vningsdelegationen vid L\u00e4nsstyrelsen V\u00e4sternorrland har tagit emot Er\u00a0skrivelse \u201d\u00d6ppet brev till Milj\u00f6pr\u00f6vningsdelegationen\u201d, daterad den 13 november 2015. Vi beklagar den l\u00e5nga svarstiden, som beror &hellip; <\/p>\n<p class=\"link-more\"><a href=\"https:\/\/vildavastra.se\/snurrigt\/2016\/02\/14\/svar-fran-mpd-harnosand-pa-oppet-brev\/\" class=\"more-link\">Forts\u00e4tt l\u00e4sa<span class=\"screen-reader-text\"> \u201dSvar fr\u00e5n MPD H\u00e4rn\u00f6sand p\u00e5 \u00f6ppet brev\u201d<\/span><\/a><\/p>\n","protected":false},"author":1,"featured_media":0,"comment_status":"open","ping_status":"open","sticky":false,"template":"","format":"standard","meta":{"footnotes":""},"categories":[6],"tags":[],"class_list":["post-4187","post","type-post","status-publish","format-standard","hentry","category-svensk-vindkraft"],"_links":{"self":[{"href":"https:\/\/vildavastra.se\/snurrigt\/wp-json\/wp\/v2\/posts\/4187","targetHints":{"allow":["GET"]}}],"collection":[{"href":"https:\/\/vildavastra.se\/snurrigt\/wp-json\/wp\/v2\/posts"}],"about":[{"href":"https:\/\/vildavastra.se\/snurrigt\/wp-json\/wp\/v2\/types\/post"}],"author":[{"embeddable":true,"href":"https:\/\/vildavastra.se\/snurrigt\/wp-json\/wp\/v2\/users\/1"}],"replies":[{"embeddable":true,"href":"https:\/\/vildavastra.se\/snurrigt\/wp-json\/wp\/v2\/comments?post=4187"}],"version-history":[{"count":0,"href":"https:\/\/vildavastra.se\/snurrigt\/wp-json\/wp\/v2\/posts\/4187\/revisions"}],"wp:attachment":[{"href":"https:\/\/vildavastra.se\/snurrigt\/wp-json\/wp\/v2\/media?parent=4187"}],"wp:term":[{"taxonomy":"category","embeddable":true,"href":"https:\/\/vildavastra.se\/snurrigt\/wp-json\/wp\/v2\/categories?post=4187"},{"taxonomy":"post_tag","embeddable":true,"href":"https:\/\/vildavastra.se\/snurrigt\/wp-json\/wp\/v2\/tags?post=4187"}],"curies":[{"name":"wp","href":"https:\/\/api.w.org\/{rel}","templated":true}]}}