{"id":4493,"date":"2016-08-02T15:42:53","date_gmt":"2016-08-02T14:42:53","guid":{"rendered":"http:\/\/snurrigt.vildavastra.se\/?p=4493"},"modified":"2016-08-02T15:42:53","modified_gmt":"2016-08-02T14:42:53","slug":"vindkraftens-bullermattor-plagar-landsbygdens-invanare","status":"publish","type":"post","link":"https:\/\/vildavastra.se\/snurrigt\/2016\/08\/02\/vindkraftens-bullermattor-plagar-landsbygdens-invanare\/","title":{"rendered":"Vindkraftens bullermattor pl\u00e5gar landsbygdens inv\u00e5nare"},"content":{"rendered":"<p><span style=\"font-family: Times New Roman, serif;\"><span style=\"font-size: x-large;\">\u00a0<\/span><\/span><\/p>\n<p><span style=\"font-family: Times New Roman, serif;\"><span style=\"font-size: x-large;\"><a href=\"http:\/\/snurrigt.vildavastra.se\/wp-content\/uploads\/2015\/08\/lufthav.jpg\"><img loading=\"lazy\" decoding=\"async\" class=\"aligncenter size-full wp-image-3923\" src=\"http:\/\/snurrigt.vildavastra.se\/wp-content\/uploads\/2015\/08\/lufthav.jpg\" alt=\"lufthav\" width=\"531\" height=\"380\" \/><\/a><\/span><\/span><\/p>\n<p><span style=\"font-family: Times New Roman, serif;\"><span style=\"font-size: medium;\">Undertecknad har under m\u00e5nga \u00e5r studerat konsekvenserna av den p\u00e5g\u00e5ende intensiva utbyggnaden av vindkraft och dess konsekvenser f\u00f6r landsbygdens inv\u00e5nare. Jag trodde i min enfald att nya kunskaper och erfarenheter skulle p\u00e5verka regelverk och praxis n\u00e4r det g\u00e4ller den dominerande negativa effekten av vindkraft n\u00e4mligen st\u00f6rande ljud ( buller). S\u00e5 \u00e4r inte fallet. Myndigheter och domstolar som \u00e4r involverade i tillst\u00e5ndsprocesserna verkar vara helt oemottagliga till n\u00e5got som skulle negativt p\u00e5verka utbyggnad av vindkraft. Det ger d\u00e4rmed vindkraftsf\u00f6retagen en frisedel att bryta mot Milj\u00f6balkens h\u00e4nsynsparagraf (Kap2 2\u00a7) som s\u00e4ger att \u201d <em>Alla som bedriver eller avser att bedriva en verksamhet eller vidta en \u00e5tg\u00e4rd skall skaffa sig den kunskap som beh\u00f6vs med h\u00e4nsyn till verksamheten eller \u00e5tg\u00e4rdens art och omfattning f\u00f6r att skydda m\u00e4nniskors h\u00e4lsa och milj\u00f6n mot skada eller ol\u00e4genhet\u201d<\/em><\/span><\/span><\/p>\n<p><span style=\"font-family: Times New Roman, serif;\"><span style=\"font-size: medium;\">I takt med fortsatt utbyggnad av storskalig vindkraft \u00f6kar str\u00f6mmen av rapporter om st\u00f6rande ljud. Detta \u00e4r inte bara ett nationellt problem utan numera \u00e4ven ett globalt. \u00d6ver hela v\u00e4rlden upplever n\u00e4rboende till vindkraft att deras livsmilj\u00f6 blir avsev\u00e4rt f\u00f6rs\u00e4mrad. I vad m\u00e5n ljud fr\u00e5n vindkraft p\u00e5verkar djurs beteende \u00e4r inte helt klarlagt men vi vet att djurens h\u00f6rsel \u00e4r mera k\u00e4nslig \u00e4n m\u00e4nniskans. Man kan befara l\u00e5ngtidseffekter av ljudst\u00f6rningar i annars tysta milj\u00f6er.<\/span><\/span><\/p>\n<p><span style=\"font-family: Times New Roman, serif;\"><span style=\"font-size: medium;\">Det som besv\u00e4rar m\u00e4nniskor mest \u00e4r ett ljud som varierar i styrka, \u00e4r l\u00e5gfrekvent och att det h\u00f6rs mest under kv\u00e4llar, n\u00e4tter och morgnar. Detta under en period av dygnet n\u00e4r man vill avnjuta tillvaron i stillhet, umg\u00e5s med andra och vila ut. Detta f\u00f6rh\u00e5llande kan f\u00f6rklaras med utifr\u00e5n f\u00f6rh\u00e5llanden i luften med temperaturer och vindstyrkor under olika delar av dygnet. Ljudet \u00e4r l\u00e5gfrekvent och liknas med ljudet fr\u00e5n flygplan som aldrig lyfter fr\u00e5n startplattan. Ibland h\u00f6rs detta ljud mer inomhus vilket f\u00f6rklaras av att l\u00e5gfrekvent ljud inte d\u00e4mpas av v\u00e4ggar. Rapporter s\u00e4ger ocks\u00e5 att det k\u00e4nns i kroppen vilket tyder p\u00e5 att ljudet \u00e4ven inneh\u00e5ller komponenter med mycket l\u00e5g frekvens s.k. infraljud. Vissa personer f\u00e5r \u00e4ven fysiska problem av denna ljudtyp.<\/span><\/span><\/p>\n<p><span style=\"font-family: Times New Roman, serif;\"><span style=\"font-size: medium;\">Den milj\u00f6st\u00f6rning som uppkommer till f\u00f6ljd av storskalig vindkraft \u00e4r av en helt annan omfattning \u00e4n den som f\u00f6respeglas i de milj\u00f6konsekvensbeskrivningar som accepteras av myndigheter och milj\u00f6domstolar. Tillst\u00e5nd utdelas nu till nu projekt\u00f6rer p\u00e5 basis av regelverk och praxis som \u00e4r relaterade till f\u00f6rh\u00e5llandevis sm\u00e5 vindkraftverk i flacka landskap. Idag byggs vindkraftverk som \u00e4r 5-10 ggr st\u00f6rre i effekt och 4-6 ggr h\u00f6gre \u00e4n f\u00f6r vilka praxis och regelverk \u00e4r en g\u00e5ng fastst\u00e4lldes. Dessutom placeras numera vindkraftverk i komplexa milj\u00f6er med kuperad skogbekl\u00e4dd terr\u00e4ng samt med stora variationer i klimat. Dagens stora vindkraftverk alstrar ett helt annorlunda ljud \u00e4n sm\u00e5 vindkraftverk. Den snabba teknikutvecklingen har med andra ord resulterat i att drifttillst\u00e5nd ges p\u00e5 helt felaktiga grunder om man relaterar dem till Milj\u00f6balkens krav.<\/span><\/span><\/p>\n<p><span style=\"font-family: Times New Roman, serif;\"><span style=\"font-size: medium;\">Dagens praxis \u00e4r h\u00e4nf\u00f6rlig till att rotorbladen alstrar ett h\u00f6gfrekvent ljud n\u00e4r luften l\u00e4mnar bakkanten. Detta ljud d\u00e4mpas mycket snabbt och inom ett par kilometer \u00e4r det inte h\u00f6rbart. Det \u00e4r d\u00e4rf\u00f6r man inte h\u00f6r s\u00e4rskilt mycket ljud n\u00e4ra vindkraftverken. Dagens stora vindkraftverk alstrar f\u00f6rutom ovann\u00e4mnda ljud ett l\u00e5gfrekvent ljud som uppkommer genom att luftens s\u00e4tts i r\u00f6relse i form av mycket stora virvlar. Dessa uppfattas som ljud f\u00f6rst p\u00e5 stora avst\u00e5nd, upp till 5 kilometer och mer. Ljudstyrkan \u00e4r inte h\u00f6g med ljudtypen \u00e4r synnerligen st\u00f6rande genom att den varierar i styrka med ca 1 sekunds intervall.<\/span><\/span><\/p>\n<p><span style=\"font-family: Times New Roman, serif;\"><span style=\"font-size: medium;\">Det \u00e4r v\u00e4l k\u00e4nt fr\u00e5n forskningen att det m\u00e5tt som nu anv\u00e4nds, ekvivalent ljudniv\u00e5 uttryckt i decibel A m\u00e4tt som medelv\u00e4rde under 10 minuter, \u00e4r ol\u00e4mpligt som m\u00e5tt p\u00e5 st\u00f6rningsgrad f\u00f6r l\u00e5gfrekvent ljud vars styrka varierar p\u00e5 detta s\u00e4tt. Andelen l\u00e5gfrekvent ljud har \u00f6kat med storleken p\u00e5 vindkraftverken. Myndigheterna \u00e4r medvetna om detta f\u00f6rh\u00e5llande men vidtar inga \u00e5tg\u00e4rder. <\/span><\/span><\/p>\n<p><span style=\"font-family: Times New Roman, serif;\"><span style=\"font-size: medium;\">N\u00e4r det g\u00e4ller st\u00f6rningar fr\u00e5n l\u00e5gfrekvent ljud s\u00e5 till\u00e4mpas sedan en tid tillbaka Folkh\u00e4lsomyndighetens allm\u00e4nna r\u00e5d om l\u00e5gfrekvent ljud inomhus ( FoHMFS 2014:13). Dessa r\u00e5d saknar helt vetenskapligt st\u00f6d vilket man annars anf\u00f6r som ett sk\u00e4l att inte beakta olika resultat. Det \u00e4r allm\u00e4nt accepterat att ljud fr\u00e5n vindkraftverk \u00e4r olikt m\u00e5nga andra ljud genom att dess styrka varierar p\u00e5 sekundniv\u00e5 ( amplitudmodulerat). Man kan d\u00e4rf\u00f6r inte utan s\u00e4rskilda studier fastst\u00e4lla samband. I detta fall saknas s\u00e5dana studier vilket framg\u00e5r av mailkorrespondens med professor Kerstin Persson Waye vid G\u00f6teborgs Universitet samt Patrik Hultstrand vid Folkh\u00e4lsomyndigheten. I andra fall n\u00e4r det finns vetenskapliga studier vars resultat skulle kunna negativt p\u00e5verka etablering av vindkraft s\u00e5 f\u00e5r man h\u00f6ra av exempelvis Joakim Kruse vid Milj\u00f6pr\u00f6vningsdelegationen i H\u00e4rn\u00f6sand att man kan inte f\u00f6rlita sig p\u00e5 en enstaka studie. Vi fr\u00e5gar oss n\u00e4r kan man d\u00e5 applicera ny kunskap och nya erfarenheter? N\u00e4r man byggt f\u00e4rdigt? Denna fr\u00e5ga har en etisk dimension. Myndigheter och projekt\u00f6rer forts\u00e4tter att till\u00e4mpa en praxis som \u00e4r \u00f6verspelad av teknikutvecklingen inom vindkraften.<\/span><\/span><\/p>\n<p><span style=\"font-family: Times New Roman, serif;\"><span style=\"font-size: medium;\">P\u00e5 olika s\u00e4tt f\u00f6rs\u00e4tter myndigheter s\u00e5som Energimyndigheten forskare i ett dilemma n\u00e4r man tilldelar medel f\u00f6r fortsatta studier inom omr\u00e5den inom vilka det finns problem kopplade till vindkraftens st\u00f6rande ljud. P\u00e5 s\u00e5 s\u00e4tt f\u00f6rdr\u00f6js en anpassning av praxis och regelverk till verkligheten. Offren f\u00f6r denna taktik \u00e4r landsbygdens folk och andra levande v\u00e4sen. Denna taktik \u00e4r utstuderad och medf\u00f6r att projekt\u00f6rer kan forts\u00e4tta med etablering av storskalig vindkraft trots man med detta till\u00e5ts bryta mot Milj\u00f6balken. Ett antal f\u00f6retagskonsulter lever i symbios med branschen vilket komplicerar bilden ytterligare. Forskare, konsulter och projekt\u00f6rer \u00e4r d\u00e4rmed intimt kopplade till en strategi som bereder v\u00e4g f\u00f6r en fortsatt utbyggnad av storskalig vindkraft trots uppenbara brister i praxis och regelverk r\u00f6rande krav p\u00e5 st\u00f6rande ljud.<\/span><\/span><\/p>\n<p><span style=\"font-family: Times New Roman, serif;\"><span style=\"font-size: medium;\">Jag kr\u00e4ver med h\u00e4nvisning till ovanst\u00e5ende att ett moratorium omedelbart inf\u00f6rs varunder<\/span><\/span><\/p>\n<p><span style=\"font-family: Times New Roman, serif;\"><span style=\"font-size: medium;\">&#8211; en noggrann sociologisk studie genomf\u00f6rs f\u00f6r att kartl\u00e4gga samband mellan l\u00e5gfrekvent amplitudmodulerat ljud och st\u00f6rningsgrad<\/span><\/span><\/p>\n<p><span style=\"font-family: Times New Roman, serif;\"><span style=\"font-size: medium;\">&#8211; ett till verkligheten anpassat regelverk utvecklas p\u00e5 basis av ovann\u00e4mnda studie<\/span><\/span><\/p>\n<p><span style=\"font-family: Times New Roman, serif;\"><span style=\"font-size: medium;\">&#8211; en studie genomf\u00f6rs f\u00f6r att skapa f\u00f6rst\u00e5else f\u00f6r hur man kan reducera f\u00f6rekomsten av l\u00e5gfrekvent amplitudmodulerat ljud<\/span><\/span><\/p>\n<p><em>\u00c5ke Wikstr\u00f6m<\/em><br \/>\n<em> 062310417@telia.com<\/em><\/p>\n","protected":false},"excerpt":{"rendered":"<p>\u00a0 Undertecknad har under m\u00e5nga \u00e5r studerat konsekvenserna av den p\u00e5g\u00e5ende intensiva utbyggnaden av vindkraft och dess konsekvenser f\u00f6r landsbygdens inv\u00e5nare. Jag trodde i min enfald att nya kunskaper och erfarenheter skulle p\u00e5verka regelverk och praxis n\u00e4r det g\u00e4ller den dominerande negativa effekten av vindkraft n\u00e4mligen st\u00f6rande ljud ( buller). S\u00e5 \u00e4r inte fallet. Myndigheter &hellip; <\/p>\n<p class=\"link-more\"><a href=\"https:\/\/vildavastra.se\/snurrigt\/2016\/08\/02\/vindkraftens-bullermattor-plagar-landsbygdens-invanare\/\" class=\"more-link\">Forts\u00e4tt l\u00e4sa<span class=\"screen-reader-text\"> \u201dVindkraftens bullermattor pl\u00e5gar landsbygdens inv\u00e5nare\u201d<\/span><\/a><\/p>\n","protected":false},"author":1,"featured_media":0,"comment_status":"open","ping_status":"open","sticky":false,"template":"","format":"standard","meta":{"footnotes":""},"categories":[1],"tags":[11,12],"class_list":["post-4493","post","type-post","status-publish","format-standard","hentry","category-allmant","tag-ljud-och-buller","tag-naturforstorelse"],"_links":{"self":[{"href":"https:\/\/vildavastra.se\/snurrigt\/wp-json\/wp\/v2\/posts\/4493","targetHints":{"allow":["GET"]}}],"collection":[{"href":"https:\/\/vildavastra.se\/snurrigt\/wp-json\/wp\/v2\/posts"}],"about":[{"href":"https:\/\/vildavastra.se\/snurrigt\/wp-json\/wp\/v2\/types\/post"}],"author":[{"embeddable":true,"href":"https:\/\/vildavastra.se\/snurrigt\/wp-json\/wp\/v2\/users\/1"}],"replies":[{"embeddable":true,"href":"https:\/\/vildavastra.se\/snurrigt\/wp-json\/wp\/v2\/comments?post=4493"}],"version-history":[{"count":0,"href":"https:\/\/vildavastra.se\/snurrigt\/wp-json\/wp\/v2\/posts\/4493\/revisions"}],"wp:attachment":[{"href":"https:\/\/vildavastra.se\/snurrigt\/wp-json\/wp\/v2\/media?parent=4493"}],"wp:term":[{"taxonomy":"category","embeddable":true,"href":"https:\/\/vildavastra.se\/snurrigt\/wp-json\/wp\/v2\/categories?post=4493"},{"taxonomy":"post_tag","embeddable":true,"href":"https:\/\/vildavastra.se\/snurrigt\/wp-json\/wp\/v2\/tags?post=4493"}],"curies":[{"name":"wp","href":"https:\/\/api.w.org\/{rel}","templated":true}]}}