{"id":4875,"date":"2017-06-09T04:42:44","date_gmt":"2017-06-09T03:42:44","guid":{"rendered":"http:\/\/snurrigt.vildavastra.se\/?p=4875"},"modified":"2017-06-09T04:42:44","modified_gmt":"2017-06-09T03:42:44","slug":"inlagor-till-mmd-20170607","status":"publish","type":"post","link":"https:\/\/vildavastra.se\/snurrigt\/2017\/06\/09\/inlagor-till-mmd-20170607\/","title":{"rendered":"Inlagor till MMD 20170607"},"content":{"rendered":"<p>Inf\u00f6r ett m\u00f6te med Mark och Milj\u00f6domstolen i Ramsele den 7 juni satte jag samman underlag f\u00f6r tv\u00e5 inl\u00e4gg, se bifogade filer. Eftersom de kan ha ett allm\u00e4nt intresse tycker\u00a0 jag att de kan spridas p\u00e5 n\u00e4tet. Jag tror dock inte att dessa dokument kommer att p\u00e5verka domstolen. Dom \u00e4r resistenta mot nya r\u00f6n, b\u00e5de erfarenheter och vetenskapliga rapporter. Man m\u00e5ste fr\u00e5ga sig om vi lever i en r\u00e4ttsstat. Man lutar sig mot en praxis som idag \u00e4r helt utan all relevans n\u00e4r det g\u00e4ller buller fr\u00e5n dagens megastora vindkraftverk. Myndigheters agerande befr\u00e4mjar h\u00e4rmed brott mot Miljbalkens h\u00e4nsynsparagraf. D\u00e4rtill finns det ett kluster av akt\u00f6rer som lever i symbios med allt detta. Det handlar om konsulter och forskare som f\u00e5r medel f\u00f6r olika st\u00f6djande insatser. Enda v\u00e4gen nu \u00e4r att f\u00f6ra en f\u00f6rdr\u00f6jande strid i f\u00f6rhoppning att en d\u00e5lig ekonomi kommer att g\u00f6ra investeringar i vindkraft ol\u00f6nsamma.<\/p>\n<p>\u00c5ke Wikstr\u00f6m<\/p>\n<p><a href=\"http:\/\/snurrigt.vildavastra.se\/wp-content\/uploads\/2017\/06\/Vindkraftens-l\u00e5gfrekventa-buller-juni-17.docx\">Vindkraftens l\u00e5gfrekventa buller, juni -17<\/a><\/p>\n<p><a href=\"http:\/\/snurrigt.vildavastra.se\/wp-content\/uploads\/2017\/06\/Utredning-av-l\u00e5gfrekvent-ljud-fr\u00e5n-vindpark-Ranasj\u00f6n.docx\">Utredning av l\u00e5gfrekvent ljud fr\u00e5n vindpark Ranasj\u00f6n<\/a><\/p>\n","protected":false},"excerpt":{"rendered":"<p>Inf\u00f6r ett m\u00f6te med Mark och Milj\u00f6domstolen i Ramsele den 7 juni satte jag samman underlag f\u00f6r tv\u00e5 inl\u00e4gg, se bifogade filer. Eftersom de kan ha ett allm\u00e4nt intresse tycker\u00a0 jag att de kan spridas p\u00e5 n\u00e4tet. Jag tror dock inte att dessa dokument kommer att p\u00e5verka domstolen. Dom \u00e4r resistenta mot nya r\u00f6n, b\u00e5de &hellip; <\/p>\n<p class=\"link-more\"><a href=\"https:\/\/vildavastra.se\/snurrigt\/2017\/06\/09\/inlagor-till-mmd-20170607\/\" class=\"more-link\">Forts\u00e4tt l\u00e4sa<span class=\"screen-reader-text\"> \u201dInlagor till MMD 20170607\u201d<\/span><\/a><\/p>\n","protected":false},"author":1,"featured_media":0,"comment_status":"open","ping_status":"open","sticky":false,"template":"","format":"standard","meta":{"footnotes":""},"categories":[1],"tags":[11,12,15,19,20],"class_list":["post-4875","post","type-post","status-publish","format-standard","hentry","category-allmant","tag-ljud-och-buller","tag-naturforstorelse","tag-ranasjo-vk-projekt","tag-vindkraft-och-halsa","tag-vindkraften-solleftea-kommun"],"_links":{"self":[{"href":"https:\/\/vildavastra.se\/snurrigt\/wp-json\/wp\/v2\/posts\/4875","targetHints":{"allow":["GET"]}}],"collection":[{"href":"https:\/\/vildavastra.se\/snurrigt\/wp-json\/wp\/v2\/posts"}],"about":[{"href":"https:\/\/vildavastra.se\/snurrigt\/wp-json\/wp\/v2\/types\/post"}],"author":[{"embeddable":true,"href":"https:\/\/vildavastra.se\/snurrigt\/wp-json\/wp\/v2\/users\/1"}],"replies":[{"embeddable":true,"href":"https:\/\/vildavastra.se\/snurrigt\/wp-json\/wp\/v2\/comments?post=4875"}],"version-history":[{"count":0,"href":"https:\/\/vildavastra.se\/snurrigt\/wp-json\/wp\/v2\/posts\/4875\/revisions"}],"wp:attachment":[{"href":"https:\/\/vildavastra.se\/snurrigt\/wp-json\/wp\/v2\/media?parent=4875"}],"wp:term":[{"taxonomy":"category","embeddable":true,"href":"https:\/\/vildavastra.se\/snurrigt\/wp-json\/wp\/v2\/categories?post=4875"},{"taxonomy":"post_tag","embeddable":true,"href":"https:\/\/vildavastra.se\/snurrigt\/wp-json\/wp\/v2\/tags?post=4875"}],"curies":[{"name":"wp","href":"https:\/\/api.w.org\/{rel}","templated":true}]}}