{"id":5061,"date":"2017-12-29T09:19:03","date_gmt":"2017-12-29T08:19:03","guid":{"rendered":"http:\/\/snurrigt.vildavastra.se\/?p=5061"},"modified":"2018-03-04T16:15:15","modified_gmt":"2018-03-04T16:15:15","slug":"det-nya-kommunalradets-statement-infor-valet","status":"publish","type":"post","link":"https:\/\/vildavastra.se\/snurrigt\/2017\/12\/29\/det-nya-kommunalradets-statement-infor-valet\/","title":{"rendered":"Det nya kommunalr\u00e5dets statement inf\u00f6r valet.."},"content":{"rendered":"<p><a href=\"http:\/\/www.allehanda.se\/vasternorrland\/solleftea\/asa-sjoden-stortrivs-som-sollefteas-kommunalrad-hoppas-folket-litar-pa-att-vi-gjort-det-vi-kunnat-i-sjukhusfragan\">Artikel i dagens T\u00c5 Allehanda<\/a>\u00a0 (tyv\u00e4rr l\u00e5st artikel)<\/p>\n<p><em>&#8221;\u00c5sa Sj\u00f6d\u00e9n stortrivs som Sollefte\u00e5s kommunalr\u00e5d: &#8221;Hoppas folket litar p\u00e5 att vi gjort det vi kunnat i sjukhusfr\u00e5gan&#8221;<\/em><\/p>\n<p><em>Kommunalr\u00e5det hymlar inte om att hon k\u00e4nner en viss oro inf\u00f6r valet i september 2018. Anledningen \u00e4r den nedrustningen av Sollefte\u00e5 sjukhus som hennes eget parti varit med och drivit igenom i landstinget.\u00a0<\/em><\/p>\n<p class=\"body\"><em>\u2013 Jag hoppas folket litar p\u00e5 att vi lokalt har gjort det vi kunnat i sjukhusfr\u00e5gan. Jag upplever att vi varit tydliga och att vi tagit st\u00e4llning f\u00f6r sjukhuset, samtidigt som jag f\u00f6rst\u00e5r att m\u00e5nga k\u00e4nner sig svikna av partiet p\u00e5 regional niv\u00e5. Jag k\u00e4nner oro \u00f6ver att det h\u00e4r kan p\u00e5verka valresultatet \u00e4ven i Sollefte\u00e5, men jag kan lova att vi kommer att forts\u00e4tta vara tydliga med att vi inte vill att man ska beh\u00f6va \u00e5ka till Sundsvall och \u00d6rnsk\u00f6ldsvik f\u00f6r akuta operationer.&#8221; \/slut citat.<\/em><\/p>\n<p>Valfl\u00e4sket har b\u00f6rjat. \u00c5sa Sj\u00f6d\u00e9n (s) rider p\u00e5 sjukhusfr\u00e5gan. Hon ber\u00e4ttar dock inte\u00a0att hon\u00a0\u00e4r en av de fr\u00e4msta vindkraftsf\u00f6respr\u00e5karna i kommunen! Hon \u00e4r positiv till att f\u00f6rvandla or\u00f6rd ov\u00e4rderlig natur till gigantiska industriomr\u00e5den med hundratals j\u00e4ttelika vindkraftsverk runt hela sin hembygd i V\u00e4stra. Hon \u00e4r positiv till naturf\u00f6rst\u00f6relse av v\u00e5rt vackra landskap, en naturf\u00f6rst\u00f6relse som saknar motstycke i kommunens\/landskapets historia.<\/p>\n<p>(S) har varit det <em>minst<\/em> lyh\u00f6rda partiet n\u00e4r det g\u00e4ller den starka opinion som funnits och finns mot den st\u00f6rsta vindkraftsexpolateringen som planeras\u00a0i en svensk kommun. (S) har inte lyssnat, de\u00a0har inte velat ha samr\u00e5d med ber\u00f6rda\u00a0och \u00f6vriga\u00a0inv\u00e5nare.\u00a0\u00a0(S) har konsekvent k\u00f6rt \u00f6ver\u00a0alla (utom exploat\u00f6rerna) \u00a0n\u00e4r det g\u00e4ller vindkraften.\u00a0(S) i Sollefte\u00e5 kommun\u00a0har visat en okunnighet, arrogans\u00a0och of\u00f6rst\u00e5else f\u00f6r kommuninv\u00e5narna, landskapet\u00a0och milj\u00f6n som saknar motstycke i kommunens historia.<\/p>\n<p><em>Om detta m\u00e5 vi ber\u00e4tta..\u00a0 <\/em>\u00c5sa Sj\u00f6d\u00e9n,\u00a0Sollefte\u00e5 kommuns nya kommunalr\u00e5d,\u00a0\u00e4r en av de fr\u00e4msta f\u00f6respr\u00e5karna f\u00f6r vindkraft! Okunnigheten har \u00e5ter igen funnit en r\u00f6st i partiet.<\/p>\n<p>\/ Anita Berglund<\/p>\n","protected":false},"excerpt":{"rendered":"<p>Artikel i dagens T\u00c5 Allehanda\u00a0 (tyv\u00e4rr l\u00e5st artikel) &#8221;\u00c5sa Sj\u00f6d\u00e9n stortrivs som Sollefte\u00e5s kommunalr\u00e5d: &#8221;Hoppas folket litar p\u00e5 att vi gjort det vi kunnat i sjukhusfr\u00e5gan&#8221; Kommunalr\u00e5det hymlar inte om att hon k\u00e4nner en viss oro inf\u00f6r valet i september 2018. Anledningen \u00e4r den nedrustningen av Sollefte\u00e5 sjukhus som hennes eget parti varit med och &hellip; <\/p>\n<p class=\"link-more\"><a href=\"https:\/\/vildavastra.se\/snurrigt\/2017\/12\/29\/det-nya-kommunalradets-statement-infor-valet\/\" class=\"more-link\">Forts\u00e4tt l\u00e4sa<span class=\"screen-reader-text\"> \u201dDet nya kommunalr\u00e5dets statement inf\u00f6r valet..\u201d<\/span><\/a><\/p>\n","protected":false},"author":1,"featured_media":0,"comment_status":"open","ping_status":"open","sticky":false,"template":"","format":"standard","meta":{"footnotes":""},"categories":[1],"tags":[12,20],"class_list":["post-5061","post","type-post","status-publish","format-standard","hentry","category-allmant","tag-naturforstorelse","tag-vindkraften-solleftea-kommun"],"_links":{"self":[{"href":"https:\/\/vildavastra.se\/snurrigt\/wp-json\/wp\/v2\/posts\/5061","targetHints":{"allow":["GET"]}}],"collection":[{"href":"https:\/\/vildavastra.se\/snurrigt\/wp-json\/wp\/v2\/posts"}],"about":[{"href":"https:\/\/vildavastra.se\/snurrigt\/wp-json\/wp\/v2\/types\/post"}],"author":[{"embeddable":true,"href":"https:\/\/vildavastra.se\/snurrigt\/wp-json\/wp\/v2\/users\/1"}],"replies":[{"embeddable":true,"href":"https:\/\/vildavastra.se\/snurrigt\/wp-json\/wp\/v2\/comments?post=5061"}],"version-history":[{"count":2,"href":"https:\/\/vildavastra.se\/snurrigt\/wp-json\/wp\/v2\/posts\/5061\/revisions"}],"predecessor-version":[{"id":5239,"href":"https:\/\/vildavastra.se\/snurrigt\/wp-json\/wp\/v2\/posts\/5061\/revisions\/5239"}],"wp:attachment":[{"href":"https:\/\/vildavastra.se\/snurrigt\/wp-json\/wp\/v2\/media?parent=5061"}],"wp:term":[{"taxonomy":"category","embeddable":true,"href":"https:\/\/vildavastra.se\/snurrigt\/wp-json\/wp\/v2\/categories?post=5061"},{"taxonomy":"post_tag","embeddable":true,"href":"https:\/\/vildavastra.se\/snurrigt\/wp-json\/wp\/v2\/tags?post=5061"}],"curies":[{"name":"wp","href":"https:\/\/api.w.org\/{rel}","templated":true}]}}