{"id":5071,"date":"2018-01-06T13:35:35","date_gmt":"2018-01-06T12:35:35","guid":{"rendered":"http:\/\/snurrigt.vildavastra.se\/?p=5071"},"modified":"2018-03-04T14:57:48","modified_gmt":"2018-03-04T14:57:48","slug":"vindkraft-hotar-hallbar-elforsorjning","status":"publish","type":"post","link":"https:\/\/vildavastra.se\/snurrigt\/2018\/01\/06\/vindkraft-hotar-hallbar-elforsorjning\/","title":{"rendered":"Vindkraft hotar h\u00e5llbar elf\u00f6rs\u00f6rjning"},"content":{"rendered":"<p>Under rubriken <a href=\"http:\/\/www.bt.se\/debatt\/kommunvetot-hotar-en-robust-och-hallbar-elforsorjning\/\">\u201dKommunveto hotar h\u00e5llbar elf\u00f6rs\u00f6rjning\u201d<\/a> vill Rentzhog, Risby och K\u00e4llgren ha fart p\u00e5 vindkraftsutbyggnaden. Men Sverige har redan ett \u00f6verskott p\u00e5 el och vindkraften m\u00e5ste d\u00e4rf\u00f6r exporteras till mindre \u00e4n halva sj\u00e4lvkostnaden. Merparten av det nationella m\u00e5let \u00e4r redan byggt eller beslutat; \u00e4nd\u00e5 finns det ans\u00f6kningar om mer \u00e4n dubbla m\u00e5let. Vart ska den elen ta v\u00e4gen?<\/p>\n<p>Det kommunala vetot p\u00e5verkar knappast tidsaspekten. M\u00e5nga kommuner s\u00e4ger ja till det mesta (Sollefte\u00e5 \u00e4ven till l\u00e4gen man sj\u00e4lv utpekat som direkt ol\u00e4mpliga). Dessutom \u00f6verklagar exploat\u00f6rerna omg\u00e5ende den tid man har p\u00e5 sig att b\u00f6rja bygga; de beg\u00e4r f\u00f6rl\u00e4ngning till 35 \u00e5r! Men Boverket \u00e4r bekymrat \u00f6ver att kommunerna s\u00e5 ensidigt bevakar exploat\u00f6rernas \u00f6nskem\u00e5l och negligerar \u00f6vriga intressen. R\u00e4ttss\u00e4kerheten f\u00f6r de som drabbas av vindkraft \u00e4r satt p\u00e5 undantag!<\/p>\n<p>Vindkraften \u00e4r ett direkt hot mot en h\u00e5llbar elf\u00f6rs\u00f6rjning och skogsn\u00e4ringen. Vindindustrierna planeras ta n\u00e4rmare 2 % av Sveriges yta. Minskad skogsareal och tre g\u00e5nger s\u00e5 stora utsl\u00e4pp som k\u00e4rnkraften ger en starkt f\u00f6rs\u00e4mrad koldioxidbalans! Den omst\u00e4llning som nu p\u00e5g\u00e5r kan kosta svenska folket ett par tusen miljarder. F\u00f6r det f\u00e5r vi el som \u00e4r dyrare och mindre tillf\u00f6rlitlig, har s\u00e4mre kvalitet och \u00e4r f\u00f6r\u00f6dande f\u00f6r milj\u00f6n samt ger kraftigt \u00f6kade koldioxidutsl\u00e4pp. Dessutom \u00f6kar risken f\u00f6r skador\/d\u00f6dsfall samt risken f\u00f6r stora skogsbr\u00e4nder.<\/p>\n<p>Per Fahl\u00e9n<\/p>\n","protected":false},"excerpt":{"rendered":"<p>Under rubriken \u201dKommunveto hotar h\u00e5llbar elf\u00f6rs\u00f6rjning\u201d vill Rentzhog, Risby och K\u00e4llgren ha fart p\u00e5 vindkraftsutbyggnaden. Men Sverige har redan ett \u00f6verskott p\u00e5 el och vindkraften m\u00e5ste d\u00e4rf\u00f6r exporteras till mindre \u00e4n halva sj\u00e4lvkostnaden. Merparten av det nationella m\u00e5let \u00e4r redan byggt eller beslutat; \u00e4nd\u00e5 finns det ans\u00f6kningar om mer \u00e4n dubbla m\u00e5let. Vart ska den &hellip; <\/p>\n<p class=\"link-more\"><a href=\"https:\/\/vildavastra.se\/snurrigt\/2018\/01\/06\/vindkraft-hotar-hallbar-elforsorjning\/\" class=\"more-link\">Forts\u00e4tt l\u00e4sa<span class=\"screen-reader-text\"> \u201dVindkraft hotar h\u00e5llbar elf\u00f6rs\u00f6rjning\u201d<\/span><\/a><\/p>\n","protected":false},"author":1,"featured_media":0,"comment_status":"open","ping_status":"open","sticky":false,"template":"","format":"standard","meta":{"footnotes":""},"categories":[1],"tags":[],"class_list":["post-5071","post","type-post","status-publish","format-standard","hentry","category-allmant"],"_links":{"self":[{"href":"https:\/\/vildavastra.se\/snurrigt\/wp-json\/wp\/v2\/posts\/5071","targetHints":{"allow":["GET"]}}],"collection":[{"href":"https:\/\/vildavastra.se\/snurrigt\/wp-json\/wp\/v2\/posts"}],"about":[{"href":"https:\/\/vildavastra.se\/snurrigt\/wp-json\/wp\/v2\/types\/post"}],"author":[{"embeddable":true,"href":"https:\/\/vildavastra.se\/snurrigt\/wp-json\/wp\/v2\/users\/1"}],"replies":[{"embeddable":true,"href":"https:\/\/vildavastra.se\/snurrigt\/wp-json\/wp\/v2\/comments?post=5071"}],"version-history":[{"count":1,"href":"https:\/\/vildavastra.se\/snurrigt\/wp-json\/wp\/v2\/posts\/5071\/revisions"}],"predecessor-version":[{"id":5235,"href":"https:\/\/vildavastra.se\/snurrigt\/wp-json\/wp\/v2\/posts\/5071\/revisions\/5235"}],"wp:attachment":[{"href":"https:\/\/vildavastra.se\/snurrigt\/wp-json\/wp\/v2\/media?parent=5071"}],"wp:term":[{"taxonomy":"category","embeddable":true,"href":"https:\/\/vildavastra.se\/snurrigt\/wp-json\/wp\/v2\/categories?post=5071"},{"taxonomy":"post_tag","embeddable":true,"href":"https:\/\/vildavastra.se\/snurrigt\/wp-json\/wp\/v2\/tags?post=5071"}],"curies":[{"name":"wp","href":"https:\/\/api.w.org\/{rel}","templated":true}]}}