{"id":5075,"date":"2018-01-08T07:49:15","date_gmt":"2018-01-08T06:49:15","guid":{"rendered":"http:\/\/snurrigt.vildavastra.se\/?p=5075"},"modified":"2018-01-08T07:49:15","modified_gmt":"2018-01-08T06:49:15","slug":"brandforsvaret-nedrustas-men-solleftea-kn-ignorerar-brandfaran","status":"publish","type":"post","link":"https:\/\/vildavastra.se\/snurrigt\/2018\/01\/08\/brandforsvaret-nedrustas-men-solleftea-kn-ignorerar-brandfaran\/","title":{"rendered":"Brandf\u00f6rsvaret nedrustas men Sollefte\u00e5 kn ignorerar brandfaran"},"content":{"rendered":"<p><iframe loading=\"lazy\" src=\"https:\/\/www.youtube.com\/embed\/rgv2om6Kz_k\" width=\"640\" height=\"360\" frameborder=\"0\" allowfullscreen=\"allowfullscreen\"><\/iframe><\/p>\n<p><em>The explosion of a generator at the Pampilhosa da Serra wind farm in the district of Coimbra led to a fire that destroyed one of the towers of the complex. A fire in one of the blades of a wind tower in Portela de Unhais, Pampilhosa da Serra, forced the intervention of firefighters during the afternoon of Thursday, January 4, 2018.<\/em><\/p>\n<p>&#8221;Samtidigt som tusentals vindkraftverk, \u00f6ver 200 m h\u00f6ga, byggs p\u00e5 de skogkl\u00e4dda h\u00f6jderna i Norrlands inland s\u00e5 nedrustas brandf\u00f6rsvaret. Sollefte\u00e5 kommun l\u00e4gger stor m\u00f6da p\u00e5 att beskriva faran med hypotetiska klimatf\u00f6r\u00e4ndringar men tar inte med ett ord upp den reellt f\u00f6rh\u00f6jda risken f\u00f6r stora skogsbr\u00e4nder (f\u00f6rra \u00e5ret brann \u00e5tminstone 7 stora vindkraftverk i Sverige). Man framh\u00e4ver ocks\u00e5 vikten av en tyst milj\u00f6 men negligerar att med alla beviljade vindindustrier blir hela kommunen en enda stor bullerzon.&#8221; \/ Per Fahl\u00e9n<\/p>\n","protected":false},"excerpt":{"rendered":"<p>The explosion of a generator at the Pampilhosa da Serra wind farm in the district of Coimbra led to a fire that destroyed one of the towers of the complex. A fire in one of the blades of a wind tower in Portela de Unhais, Pampilhosa da Serra, forced the intervention of firefighters during the &hellip; <\/p>\n<p class=\"link-more\"><a href=\"https:\/\/vildavastra.se\/snurrigt\/2018\/01\/08\/brandforsvaret-nedrustas-men-solleftea-kn-ignorerar-brandfaran\/\" class=\"more-link\">Forts\u00e4tt l\u00e4sa<span class=\"screen-reader-text\"> \u201dBrandf\u00f6rsvaret nedrustas men Sollefte\u00e5 kn ignorerar brandfaran\u201d<\/span><\/a><\/p>\n","protected":false},"author":1,"featured_media":0,"comment_status":"open","ping_status":"open","sticky":false,"template":"","format":"standard","meta":{"footnotes":""},"categories":[1],"tags":[12,20],"class_list":["post-5075","post","type-post","status-publish","format-standard","hentry","category-allmant","tag-naturforstorelse","tag-vindkraften-solleftea-kommun"],"_links":{"self":[{"href":"https:\/\/vildavastra.se\/snurrigt\/wp-json\/wp\/v2\/posts\/5075","targetHints":{"allow":["GET"]}}],"collection":[{"href":"https:\/\/vildavastra.se\/snurrigt\/wp-json\/wp\/v2\/posts"}],"about":[{"href":"https:\/\/vildavastra.se\/snurrigt\/wp-json\/wp\/v2\/types\/post"}],"author":[{"embeddable":true,"href":"https:\/\/vildavastra.se\/snurrigt\/wp-json\/wp\/v2\/users\/1"}],"replies":[{"embeddable":true,"href":"https:\/\/vildavastra.se\/snurrigt\/wp-json\/wp\/v2\/comments?post=5075"}],"version-history":[{"count":0,"href":"https:\/\/vildavastra.se\/snurrigt\/wp-json\/wp\/v2\/posts\/5075\/revisions"}],"wp:attachment":[{"href":"https:\/\/vildavastra.se\/snurrigt\/wp-json\/wp\/v2\/media?parent=5075"}],"wp:term":[{"taxonomy":"category","embeddable":true,"href":"https:\/\/vildavastra.se\/snurrigt\/wp-json\/wp\/v2\/categories?post=5075"},{"taxonomy":"post_tag","embeddable":true,"href":"https:\/\/vildavastra.se\/snurrigt\/wp-json\/wp\/v2\/tags?post=5075"}],"curies":[{"name":"wp","href":"https:\/\/api.w.org\/{rel}","templated":true}]}}