{"id":5082,"date":"2018-01-26T15:22:03","date_gmt":"2018-01-26T15:22:03","guid":{"rendered":"http:\/\/snurrigt.vildavastra.se\/?p=5082"},"modified":"2018-03-04T16:18:57","modified_gmt":"2018-03-04T16:18:57","slug":"5082","status":"publish","type":"post","link":"https:\/\/vildavastra.se\/snurrigt\/2018\/01\/26\/5082\/","title":{"rendered":"Sollefte\u00e5 forts\u00e4tter investera i vindkraft"},"content":{"rendered":"<div style=\"width: 525px;\" class=\"wp-video\"><video class=\"wp-video-shortcode\" id=\"video-5082-1\" width=\"525\" height=\"295\" preload=\"metadata\" controls=\"controls\"><source type=\"video\/mp4\" src=\"https:\/\/down0-80217-down0.dna.qbrick.com\/80217-down0\/ncode\/2018-01-03\/ins_180102_lokalt_sollefteavindkraft_432p_be783c51.mp4?_=1\" \/><a href=\"https:\/\/down0-80217-down0.dna.qbrick.com\/80217-down0\/ncode\/2018-01-03\/ins_180102_lokalt_sollefteavindkraft_432p_be783c51.mp4\">https:\/\/down0-80217-down0.dna.qbrick.com\/80217-down0\/ncode\/2018-01-03\/ins_180102_lokalt_sollefteavindkraft_432p_be783c51.mp4<\/a><\/video><\/div>\n<p><a href=\"https:\/\/www.efn.se\/nyhetsrummet\/vindkraften-lockar-nya-investerare\/#\">https:\/\/www.efn.se\/nyhetsrummet\/vindkraften-lockar-nya-investerare\/#<\/a><\/p>\n<div id=\"id_5a5c48f100e137f38976811\" class=\"text_exposed_root text_exposed\">\n<div id=\"id_5a5c4db0dde343b20859587\" class=\"text_exposed_root text_exposed\">\n<p>Sollefte\u00e5 kommun \u00e4r den st\u00f6rsta vindkraftskommunen i landet. Trots det forts\u00e4tter det nya kommunalr\u00e5det att satsa p\u00e5 \u00e4nnu mera vindkraft.<\/p>\n<p>Det nya kommunalr\u00e5det \u00c5sa Sj\u00f6d\u00e9n uppvisar i den h\u00e4r filmen \u00e5ter igen sin vindkraftspositiva inst\u00e4llning. Det \u00e4r skr\u00e4mmande, kunskapsl\u00f6st och ffa respektl\u00f6st mot alla de av kommunens inv\u00e5nare som kommer att drabbas av ett gigantiskt vindkraftlandskap i sin boendemilj\u00f6. En framtida milj\u00f6skandal \u00e4r p\u00e5 g\u00e5ng men Sollefte\u00e5 kommuns soc<span class=\"text_exposed_show\">ialdemokrater v\u00e4ljer att k\u00e4nslol\u00f6st trampa p\u00e5 m\u00e4nniskor, trots starka protester fr\u00e5n ber\u00f6rda inv\u00e5nare. Ny kunskap p\u00e5visas dagligen om vindkraftens allvarliga konsekvenser f\u00f6r m\u00e4nniskor, djur och natur, men Sollefte\u00e5 kommuns nya kommunalr\u00e5d v\u00e4ljer att blunda. <\/span><\/p>\n<div class=\"text_exposed_show\">\n<p>Det \u00e4r sorgligt, mycket sorgligt.<\/p>\n<p>\/ Anita Berglund<\/p>\n<\/div>\n<\/div>\n<div class=\"text_exposed_show\">\n<p><span data-offset-key=\"ckhn9-0-0\">\u00a0<\/span><\/p>\n<\/div>\n<\/div>\n<p>S\u00e5 h\u00e4r skriver\u00a0&#8221;<a href=\"http:\/\/www.skyddamilj\u00f6n.nu\/1_skyddamiljn\/archive\/471_ett_kommunalrd_s_ser_bara_frdelar_med_vindkraftverk.html\">Skydda milj\u00f6n&#8221;\u00a0:\u00a0<\/a><\/p>\n<p><em>&#8221;I \u00a0ett <a href=\"https:\/\/www.efn.se\/nyhetsrummet\/vindkraften-lockar-nya-investerare\/\" target=\"_blank\" rel=\"noopener\">inslag p\u00e5 EFN<\/a>\u00a0finns en intervju med kommunalr\u00e5det i Sollefte\u00e5 ang\u00e5ende vindkraft. \u00c4r det n\u00e5gon som kan uppfatta n\u00e5gon kritisk fr\u00e5ga om buller, f\u00e5geld\u00f6d och skador p\u00e5 naturen? Visuella skador? N\u00e5gon fr\u00e5ga om p\u00e5verkan av turismen? N\u00e5gon fr\u00e5ga om livskvalitet?<\/em><\/p>\n<p><em>H\u00e4r svarar ett kommunalr\u00e5d (s) som bara ser f\u00f6rdelar med etablering av vindkraftverk i stor skala. S\u00e4ndningen kommer fr\u00e5n EFN som \u00e4r ett dotterbolag till en stor bank.&#8221;<\/em><\/p>\n<p><em><span style=\"font-family: Calibri;\">PS: Per Fahl\u00e9n kommenterar: &#8221;Jag blev sj\u00e4lv intervjuad av samma journalist f\u00f6r att ge en motbild och f\u00f6rklara varf\u00f6r jag ans\u00e5g att satsningen p\u00e5 vindkraft var negativ. Nu fick jag veta av journalisten att hans chefer valde att bara publicera intervjun med \u00c5sa Sj\u00f6d\u00e9n.&#8221;<\/span><\/em><\/p>\n","protected":false},"excerpt":{"rendered":"<p>https:\/\/down0-80217-down0.dna.qbrick.com\/80217-down0\/ncode\/2018-01-03\/ins_180102_lokalt_sollefteavindkraft_432p_be783c51.mp4 https:\/\/www.efn.se\/nyhetsrummet\/vindkraften-lockar-nya-investerare\/# Sollefte\u00e5 kommun \u00e4r den st\u00f6rsta vindkraftskommunen i landet. Trots det forts\u00e4tter det nya kommunalr\u00e5det att satsa p\u00e5 \u00e4nnu mera vindkraft. Det nya kommunalr\u00e5det \u00c5sa Sj\u00f6d\u00e9n uppvisar i den h\u00e4r filmen \u00e5ter igen sin vindkraftspositiva inst\u00e4llning. Det \u00e4r skr\u00e4mmande, kunskapsl\u00f6st och ffa respektl\u00f6st mot alla de av kommunens inv\u00e5nare som kommer att drabbas av &hellip; <\/p>\n<p class=\"link-more\"><a href=\"https:\/\/vildavastra.se\/snurrigt\/2018\/01\/26\/5082\/\" class=\"more-link\">Forts\u00e4tt l\u00e4sa<span class=\"screen-reader-text\"> \u201dSollefte\u00e5 forts\u00e4tter investera i vindkraft\u201d<\/span><\/a><\/p>\n","protected":false},"author":1,"featured_media":0,"comment_status":"open","ping_status":"open","sticky":false,"template":"","format":"standard","meta":{"footnotes":""},"categories":[1],"tags":[12,20,21],"class_list":["post-5082","post","type-post","status-publish","format-standard","hentry","category-allmant","tag-naturforstorelse","tag-vindkraften-solleftea-kommun","tag-vindprojektet-fangsjostorsjohojden"],"_links":{"self":[{"href":"https:\/\/vildavastra.se\/snurrigt\/wp-json\/wp\/v2\/posts\/5082","targetHints":{"allow":["GET"]}}],"collection":[{"href":"https:\/\/vildavastra.se\/snurrigt\/wp-json\/wp\/v2\/posts"}],"about":[{"href":"https:\/\/vildavastra.se\/snurrigt\/wp-json\/wp\/v2\/types\/post"}],"author":[{"embeddable":true,"href":"https:\/\/vildavastra.se\/snurrigt\/wp-json\/wp\/v2\/users\/1"}],"replies":[{"embeddable":true,"href":"https:\/\/vildavastra.se\/snurrigt\/wp-json\/wp\/v2\/comments?post=5082"}],"version-history":[{"count":3,"href":"https:\/\/vildavastra.se\/snurrigt\/wp-json\/wp\/v2\/posts\/5082\/revisions"}],"predecessor-version":[{"id":5241,"href":"https:\/\/vildavastra.se\/snurrigt\/wp-json\/wp\/v2\/posts\/5082\/revisions\/5241"}],"wp:attachment":[{"href":"https:\/\/vildavastra.se\/snurrigt\/wp-json\/wp\/v2\/media?parent=5082"}],"wp:term":[{"taxonomy":"category","embeddable":true,"href":"https:\/\/vildavastra.se\/snurrigt\/wp-json\/wp\/v2\/categories?post=5082"},{"taxonomy":"post_tag","embeddable":true,"href":"https:\/\/vildavastra.se\/snurrigt\/wp-json\/wp\/v2\/tags?post=5082"}],"curies":[{"name":"wp","href":"https:\/\/api.w.org\/{rel}","templated":true}]}}