{"id":5358,"date":"2018-04-26T06:37:43","date_gmt":"2018-04-26T06:37:43","guid":{"rendered":"https:\/\/vildavastra.se\/snurrigt\/?p=5358"},"modified":"2018-04-26T06:37:43","modified_gmt":"2018-04-26T06:37:43","slug":"miljovanliga-tekniker-isf-vindkraft","status":"publish","type":"post","link":"https:\/\/vildavastra.se\/snurrigt\/2018\/04\/26\/miljovanliga-tekniker-isf-vindkraft\/","title":{"rendered":"Milj\u00f6v\u00e4nliga tekniker isf vindkraft"},"content":{"rendered":"<p><a href=\"http:\/\/www.gp.se\/debatt\/med-ny-teknik-kan-vindkraft-p%C3%A5-land-v%C3%A4ljas-bort-1.5735109\">Debattartikel i GP.<\/a><\/p>\n<p>Senaste \u00e5ret har det kommunala vindkraftvetot flitigt diskuterats. Men kanske blir det aldrig aktuellt att tvinga sig p\u00e5 ovilliga kommuner \u2013 tack vare milj\u00f6v\u00e4nliga tekniker i st\u00e4llet f\u00f6r vindkraft. Utan naturf\u00f6r\u00f6delse, f\u00e5geld\u00f6d och h\u00e4lsorisker f\u00f6r n\u00e4rboende.<\/p>\n<p>Den icke kustn\u00e4ra havsbaserade vindkraften tilldrar sig allt st\u00f6rre intresse. Den \u00e4r dyrare \u00e4n landbaserad, men utvecklas snabbt bland annat i Nordsj\u00f6n. Nyligen har norska Statoil beslutat att bygga en flytande vindkraftpark utanf\u00f6r Skottlands kust. Vattenfall bygger redan havsvindkraftverk i Nordsj\u00f6n. P\u00e5 Chalmers i G\u00f6teborg finns en kvalificerad forskningsmilj\u00f6 f\u00f6r utveckling av havsvindkraft. Internationellt sker en kraftig expansion.<\/p>\n<p><strong>Snabbt tekniskt genombrott<\/strong><\/p>\n<p>En annan uppmuntrande ber\u00e4ttelse utg\u00f6r solenergitekniken, med dess dramatiska produktivitetsutveckling. Genom snabba och genomgripande tekniska landvinningar har nu kostnaden f\u00f6r solenergi fallit i en takt som f\u00e5 kunnat f\u00f6rutse f\u00f6r bara n\u00e5got \u00e5r sedan. Under 2017 kom nyheten att solel i de nya indiska anl\u00e4ggningarna produceras till l\u00e4gre kostnad \u00e4n kolgenererad el. Solel \u00e4r \u00e4nnu p\u00e5 v\u00e5ra breddgrader dyrare \u00e4n vindel, men kostnadskurvorna ber\u00e4knas snart korsa varandra. Det \u00e4r ett paradigmskifte \u2013 och \u00e4nd\u00e5 \u00e5terst\u00e5r stora utvecklingspotentialer med nya grund\u00e4mnen i solpanelerna.<\/p>\n<p>En tredje utvecklingsbar kraftk\u00e4lla \u00e4r biokraftv\u00e4rmen. Kraftv\u00e4rmeverken i fj\u00e4rrv\u00e4rmen\u00e4ten producerar el n\u00e4r elen beh\u00f6vs som b\u00e4st \u2013 n\u00e4r det \u00e4r kallt och det finns uppv\u00e4rmningsbehov. En EU-rapport fr\u00e5n 2014 uppskattar den svenska potentialen till 40 TWh \u2013 en f\u00f6rdubbling j\u00e4mf\u00f6rt med i dag.<\/p>\n<p><strong>Vi kan nu v\u00e4lja att satsa p\u00e5 utbyggnad av solkraft, havsvindkraft och biokraftv\u00e4rme \u2013 utan att ytterligare f\u00f6r\u00f6da v\u00e5ra landskap och kuster.<\/strong><\/p>\n<p>Vi ska inte blunda f\u00f6r att b\u00e5de solkraft och havsvindkraft ocks\u00e5 har betydande nackdelar. B\u00e5da \u00e4r intermittenta, det vill s\u00e4ga \u201dbara-ibland\u201d, och kan aldrig f\u00e5 en dominerande roll. B\u00e5da bidrar till att s\u00e4nka l\u00f6nsamheten f\u00f6r stabila kraftk\u00e4llor.<\/p>\n<p>Men de \u00e4r l\u00e5ngt mindre naturf\u00f6r\u00f6dande i j\u00e4mf\u00f6relse med landbaserad vindkraft. D\u00e4r ligger tyngdpunkten i v\u00e5rt resonemang. V\u00e5r utg\u00e5ngspunkt \u00e4r elf\u00f6rs\u00f6rjning med iakttagande av naturskydds- och h\u00e4lsoskyddsintresset.<\/p>\n<p><strong>Kan v\u00e4lja en annan v\u00e4g<\/strong><\/p>\n<p>Vi har nu ett av allt att d\u00f6ma l\u00e5ngsiktigt el\u00f6verskott. Vi startar n\u00e4ra noll vad g\u00e4ller solkraft och havsvindkraft, som \u00e4nnu utg\u00f6r en mycket liten del av v\u00e5r elproduktion. V\u00e5r befintliga vatten-, vind- och k\u00e4rnkraft \u00e4r redan i dag koldioxidsn\u00e5l. Vi kan nu v\u00e4lja att satsa p\u00e5 utbyggnad av solkraft, havsvindkraft och biokraftv\u00e4rme \u2013 utan att ytterligare f\u00f6r\u00f6da v\u00e5ra landskap och kuster. Vi bevarar handlingsfriheten betr\u00e4ffande k\u00e4rnkraftens framtid.<\/p>\n<p>Via s\u00e5 kallade elcertifikat subventionerar vi i dag de f\u00f6rlustgivande och koldioxidfria produktionss\u00e4tten \u2013 d\u00e4ribland landvindkraft. Genom fri konkurrens ska dessa t\u00e4vla mot varandra p\u00e5 lika villkor. Samh\u00e4llsnyttan minus samh\u00e4llskostnaden ska ge en samh\u00e4llsvinst f\u00f6r varje producerad MWh. Men samh\u00e4llskostnaden varierar kraftigt. Nettot kan bli negativt, d\u00e5 landvindkraft ofta medf\u00f6r l\u00e5ngvariga h\u00e4lsoproblem f\u00f6r n\u00e4rboende, samt mycket stora f\u00f6rluster av naturv\u00e4rden.<\/p>\n<p>Om vi nu genom modernare elproduktion kan vinna samma samh\u00e4llsnytta utan att drabbas av landvindkraftens uppenbara ol\u00e4genheter och kostnader \u2013 varf\u00f6r ska denna d\u00e5 uppmuntras med elcertifikat? Och varf\u00f6r ska den d\u00e5 \u00f6ver huvud taget till\u00e5tas?<\/p>\n<p><strong>Inga vindkrafttorn p\u00e5 v\u00e5ra berg<\/strong><\/p>\n<p>Vi p\u00e5st\u00e5r att dessa o\u00f6nskade samh\u00e4llskostnader nu g\u00e5r att v\u00e4lja bort med bibeh\u00e5llen f\u00f6rs\u00f6rjningstrygghet. Valet \u00e4r politiskt \u2013 inte tekniskt. Teknikutvecklingen medger att vi kan g\u00f6ra kloka politiska val. Men de traditionella vindkraftbolagen och deras organisationer blockerar. De representerar inte framtiden, men har starka politiska bundsf\u00f6rvanter. Nu \u00f6ppnas m\u00f6jligheterna f\u00f6r en milj\u00f6- och industriv\u00e4nlig riksdagsmajoritet att tillgodose eltillf\u00f6rseln med milj\u00f6v\u00e4nliga teknikslag. Dit h\u00f6r inte vindkrafttorn p\u00e5 v\u00e5ra berg.<\/p>\n<p>Styr om \u2013 v\u00e4lj r\u00e4tt framtid! Vi ser med tillf\u00f6rsikt fram mot att energi\u00f6verkommelsen bryts och ompr\u00f6vas i samband med valet. Ta intryck av Uppsala kommun, som nyligen beslutat \u00f6verge sina vindkraftplaner till f\u00f6rm\u00e5n f\u00f6r solenergi!<\/p>\n<p><strong>Jan Hedman<\/strong><\/p>\n<p>ordf\u00f6rande F\u00f6reningen Svenskt Landskapsskydd \u2013 FSL<\/p>\n<p><strong>Henrik Wachtmeister<\/strong><\/p>\n<p>vice ordf\u00f6rande, F\u00f6reningen Svenskt Landskapsskydd \u2013 FSL<\/p>\n<p>&nbsp;<\/p>\n","protected":false},"excerpt":{"rendered":"<p>Debattartikel i GP. Senaste \u00e5ret har det kommunala vindkraftvetot flitigt diskuterats. Men kanske blir det aldrig aktuellt att tvinga sig p\u00e5 ovilliga kommuner \u2013 tack vare milj\u00f6v\u00e4nliga tekniker i st\u00e4llet f\u00f6r vindkraft. Utan naturf\u00f6r\u00f6delse, f\u00e5geld\u00f6d och h\u00e4lsorisker f\u00f6r n\u00e4rboende. Den icke kustn\u00e4ra havsbaserade vindkraften tilldrar sig allt st\u00f6rre intresse. Den \u00e4r dyrare \u00e4n landbaserad, men &hellip; <\/p>\n<p class=\"link-more\"><a href=\"https:\/\/vildavastra.se\/snurrigt\/2018\/04\/26\/miljovanliga-tekniker-isf-vindkraft\/\" class=\"more-link\">Forts\u00e4tt l\u00e4sa<span class=\"screen-reader-text\"> \u201dMilj\u00f6v\u00e4nliga tekniker isf vindkraft\u201d<\/span><\/a><\/p>\n","protected":false},"author":2,"featured_media":0,"comment_status":"open","ping_status":"closed","sticky":false,"template":"","format":"standard","meta":{"footnotes":""},"categories":[4],"tags":[],"class_list":["post-5358","post","type-post","status-publish","format-standard","hentry","category-fsl"],"_links":{"self":[{"href":"https:\/\/vildavastra.se\/snurrigt\/wp-json\/wp\/v2\/posts\/5358","targetHints":{"allow":["GET"]}}],"collection":[{"href":"https:\/\/vildavastra.se\/snurrigt\/wp-json\/wp\/v2\/posts"}],"about":[{"href":"https:\/\/vildavastra.se\/snurrigt\/wp-json\/wp\/v2\/types\/post"}],"author":[{"embeddable":true,"href":"https:\/\/vildavastra.se\/snurrigt\/wp-json\/wp\/v2\/users\/2"}],"replies":[{"embeddable":true,"href":"https:\/\/vildavastra.se\/snurrigt\/wp-json\/wp\/v2\/comments?post=5358"}],"version-history":[{"count":1,"href":"https:\/\/vildavastra.se\/snurrigt\/wp-json\/wp\/v2\/posts\/5358\/revisions"}],"predecessor-version":[{"id":5359,"href":"https:\/\/vildavastra.se\/snurrigt\/wp-json\/wp\/v2\/posts\/5358\/revisions\/5359"}],"wp:attachment":[{"href":"https:\/\/vildavastra.se\/snurrigt\/wp-json\/wp\/v2\/media?parent=5358"}],"wp:term":[{"taxonomy":"category","embeddable":true,"href":"https:\/\/vildavastra.se\/snurrigt\/wp-json\/wp\/v2\/categories?post=5358"},{"taxonomy":"post_tag","embeddable":true,"href":"https:\/\/vildavastra.se\/snurrigt\/wp-json\/wp\/v2\/tags?post=5358"}],"curies":[{"name":"wp","href":"https:\/\/api.w.org\/{rel}","templated":true}]}}