{"id":5370,"date":"2018-04-28T05:55:47","date_gmt":"2018-04-28T05:55:47","guid":{"rendered":"https:\/\/vildavastra.se\/snurrigt\/?p=5370"},"modified":"2018-04-28T05:55:47","modified_gmt":"2018-04-28T05:55:47","slug":"miljopartiets-ohallbara-energipolitik","status":"publish","type":"post","link":"https:\/\/vildavastra.se\/snurrigt\/2018\/04\/28\/miljopartiets-ohallbara-energipolitik\/","title":{"rendered":"Milj\u00f6partiets oh\u00e5llbara energipolitik"},"content":{"rendered":"<p><img loading=\"lazy\" decoding=\"async\" class=\"aligncenter wp-image-5371 size-full\" src=\"https:\/\/vildavastra.se\/snurrigt\/wp-content\/uploads\/2018\/04\/600.jpg\" alt=\"\" width=\"600\" height=\"337\" srcset=\"https:\/\/vildavastra.se\/snurrigt\/wp-content\/uploads\/2018\/04\/600.jpg 600w, https:\/\/vildavastra.se\/snurrigt\/wp-content\/uploads\/2018\/04\/600-300x169.jpg 300w\" sizes=\"auto, (max-width: 600px) 100vw, 600px\" \/><\/p>\n<p><strong>17 april.<\/strong>\u00a0\u00a0\u00a0 <a href=\"https:\/\/www.allehanda.se\/opinion\/insandare\/lamna-den-vackra-naturen-pa-spjutasberget-orord-viktigare-med-friluftsliv-an-vindkraft\">https:\/\/www.allehanda.se\/opinion\/insandare\/lamna-den-vackra-naturen-pa-spjutasberget-orord-viktigare-med-friluftsliv-an-vindkraft\u00a0<\/a><\/p>\n<p><strong>Replik p\u00e5 ins\u00e4ndaren <\/strong> <a href=\"https:\/\/www.allehanda.se\/opinion\/insandare\/hemab-vi-vill-bidra-till-en-hallbar-utveckling-bygget-pa-spjutasberget-gynnar-friluftslivet\">Hemab: Vi vill bidra till en h\u00e5llbar utveckling \u2013 bygget p\u00e5 Spjut\u00e5sberget gynnar friluftslivet \u00a0<\/a> <strong>publicerad 19 april.<\/strong><\/p>\n<p><strong>Replik Mp 20 april<\/strong>.<a href=\"https:\/\/www.allehanda.se\/opinion\/insandare\/mp-om-vindsatsningen-att-inte-stalla-om-samhallet-det-ar-det-storsta-hotet-mot-vara-naturomraden\"> https:\/\/www.allehanda.se\/opinion\/insandare\/mp-om-vindsatsningen-att-inte-stalla-om-samhallet-det-ar-det-storsta-hotet-mot-vara-naturomraden<\/a><\/p>\n<p class=\"body\">Lotta Vis\u00e9n menar i ins\u00e4ndaren att vindkraft p\u00e5 Spjut\u00e5sberget \u201dkommer att tillf\u00f6ra positiva merv\u00e4rden\u201d. Merv\u00e4rden f\u00f6r vem? Kanske f\u00f6r ett f\u00e5tal utl\u00e4ndska tillverkare och internationella riskkapitalister men f\u00f6r svenska folket och milj\u00f6n \u00e4r det enbart negativt.<\/p>\n<p class=\"body\"><strong>Vidare anser hon<\/strong> att vindkraften ger \u201df\u00f6ruts\u00e4ttningar f\u00f6r en h\u00e5llbar utveckling\u201d. Men begrepp som h\u00e5llbar utveckling, klimatsmart, f\u00f6rnybar, gr\u00f6n el med mera \u00e4r politiska floskler, som anv\u00e4nds f\u00f6r att vilseleda medborgarna. Begreppen definieras aldrig och det g\u00f6rs inga sakliga analyser som visar att vindkraft p\u00e5 n\u00e5got s\u00e4tt skulle vara b\u00e4ttre \u00e4n den el vi har fr\u00e5n k\u00e4rn- och vattenkraft.<\/p>\n<p class=\"body\">Lotta Vis\u00e9n h\u00e4vdar att en bullrande och visuellt p\u00e5tr\u00e4ngande industrianl\u00e4ggning \u201dinte kommer ha n\u00e5gon negativ p\u00e5verkan\u201d och \u201dinte g\u00f6ra avkall p\u00e5 de unika upplevelser som omr\u00e5det kring Spjut\u00e5sberget kan erbjuda\u201d. Tror hon sj\u00e4lv p\u00e5 dessa p\u00e5st\u00e5enden?<\/p>\n<p class=\"body\">Slutligen h\u00e4vdar Lotta Vis\u00e9n att vindkraften ger lokal gr\u00f6n el. Ett grovt vilseledande p\u00e5st\u00e5ende. Eftersom hela Norrland har ett enormt \u00f6verskott av el fr\u00e5n vattenkraft finns inget utrymme f\u00f6r n\u00e5gon vindkraftsel \u00f6verhuvudtaget. Den m\u00e5ste exporteras till priset av stora energi-, milj\u00f6- och ekonomiska f\u00f6rluster; mycket l\u00e5ngt ifr\u00e5n n\u00e4rproducerat.<\/p>\n<p class=\"body\"><strong>Thyr och Goes (MP)<\/strong> knyter i sin ins\u00e4ndare an till Lotta Vis\u00e9ns text under rubriken <a href=\"https:\/\/www.allehanda.se\/opinion\/insandare\/mp-om-vindsatsningen-att-inte-stalla-om-samhallet-det-ar-det-storsta-hotet-mot-vara-naturomraden\">Att inte st\u00e4lla om \u2013 det \u00e4r det st\u00f6rsta hotet mot v\u00e5ra naturomr\u00e5den<\/a>. Men den omst\u00e4llning MP driver \u00e4r politiskt motiverad och har ingenting med omtanke om milj\u00f6 eller klimat att g\u00f6ra. Vi m\u00e5ste inte alls st\u00e4lla om och framf\u00f6rallt inte till n\u00e5got som \u00e4r s\u00e4mre och dyrare.<\/p>\n<p class=\"body\">\u00c4r det n\u00e5got som beh\u00f6ver st\u00e4llas om s\u00e5 \u00e4r det Milj\u00f6partiets energipolitik. Det som nu p\u00e5g\u00e5r kan kosta ett par tusen miljarder kronor och ge ett elsystem med \u00f6kade koldioxidutsl\u00e4pp, negativa konsekvenser f\u00f6r m\u00e4nniskor och natur, \u00f6kad anv\u00e4ndning av icke f\u00f6rnybara resurser, f\u00f6rs\u00e4mrad leveranss\u00e4kerhet och elkvalitet med mera.<\/p>\n<p class=\"body\"><strong>Per Fahl\u00e9n<\/strong><\/p>\n<p>Replik den 27\/4.: <a href=\"https:\/\/www.allehanda.se\/opinion\/insandare\/kommunen-gar-emot-sitt-eget-beslut-om-vindkraft-pa-spjutasberget\">https:\/\/www.allehanda.se\/opinion\/insandare\/kommunen-gar-emot-sitt-eget-beslut-om-vindkraft-pa-spjutasberget<\/a><\/p>\n","protected":false},"excerpt":{"rendered":"<p>17 april.\u00a0\u00a0\u00a0 https:\/\/www.allehanda.se\/opinion\/insandare\/lamna-den-vackra-naturen-pa-spjutasberget-orord-viktigare-med-friluftsliv-an-vindkraft\u00a0 Replik p\u00e5 ins\u00e4ndaren Hemab: Vi vill bidra till en h\u00e5llbar utveckling \u2013 bygget p\u00e5 Spjut\u00e5sberget gynnar friluftslivet \u00a0 publicerad 19 april. Replik Mp 20 april. https:\/\/www.allehanda.se\/opinion\/insandare\/mp-om-vindsatsningen-att-inte-stalla-om-samhallet-det-ar-det-storsta-hotet-mot-vara-naturomraden Lotta Vis\u00e9n menar i ins\u00e4ndaren att vindkraft p\u00e5 Spjut\u00e5sberget \u201dkommer att tillf\u00f6ra positiva merv\u00e4rden\u201d. Merv\u00e4rden f\u00f6r vem? Kanske f\u00f6r ett f\u00e5tal utl\u00e4ndska tillverkare och internationella riskkapitalister &hellip; <\/p>\n<p class=\"link-more\"><a href=\"https:\/\/vildavastra.se\/snurrigt\/2018\/04\/28\/miljopartiets-ohallbara-energipolitik\/\" class=\"more-link\">Forts\u00e4tt l\u00e4sa<span class=\"screen-reader-text\"> \u201dMilj\u00f6partiets oh\u00e5llbara energipolitik\u201d<\/span><\/a><\/p>\n","protected":false},"author":2,"featured_media":0,"comment_status":"open","ping_status":"closed","sticky":false,"template":"","format":"standard","meta":{"footnotes":""},"categories":[1],"tags":[12],"class_list":["post-5370","post","type-post","status-publish","format-standard","hentry","category-allmant","tag-naturforstorelse"],"_links":{"self":[{"href":"https:\/\/vildavastra.se\/snurrigt\/wp-json\/wp\/v2\/posts\/5370","targetHints":{"allow":["GET"]}}],"collection":[{"href":"https:\/\/vildavastra.se\/snurrigt\/wp-json\/wp\/v2\/posts"}],"about":[{"href":"https:\/\/vildavastra.se\/snurrigt\/wp-json\/wp\/v2\/types\/post"}],"author":[{"embeddable":true,"href":"https:\/\/vildavastra.se\/snurrigt\/wp-json\/wp\/v2\/users\/2"}],"replies":[{"embeddable":true,"href":"https:\/\/vildavastra.se\/snurrigt\/wp-json\/wp\/v2\/comments?post=5370"}],"version-history":[{"count":1,"href":"https:\/\/vildavastra.se\/snurrigt\/wp-json\/wp\/v2\/posts\/5370\/revisions"}],"predecessor-version":[{"id":5372,"href":"https:\/\/vildavastra.se\/snurrigt\/wp-json\/wp\/v2\/posts\/5370\/revisions\/5372"}],"wp:attachment":[{"href":"https:\/\/vildavastra.se\/snurrigt\/wp-json\/wp\/v2\/media?parent=5370"}],"wp:term":[{"taxonomy":"category","embeddable":true,"href":"https:\/\/vildavastra.se\/snurrigt\/wp-json\/wp\/v2\/categories?post=5370"},{"taxonomy":"post_tag","embeddable":true,"href":"https:\/\/vildavastra.se\/snurrigt\/wp-json\/wp\/v2\/tags?post=5370"}],"curies":[{"name":"wp","href":"https:\/\/api.w.org\/{rel}","templated":true}]}}