{"id":5390,"date":"2018-05-15T09:45:49","date_gmt":"2018-05-15T09:45:49","guid":{"rendered":"https:\/\/vildavastra.se\/snurrigt\/?p=5390"},"modified":"2018-05-15T09:45:49","modified_gmt":"2018-05-15T09:45:49","slug":"svea-hovratt-upphavde-mmds-dom-av-andrad-vindkraftshojd-i-bodhogarna","status":"publish","type":"post","link":"https:\/\/vildavastra.se\/snurrigt\/2018\/05\/15\/svea-hovratt-upphavde-mmds-dom-av-andrad-vindkraftshojd-i-bodhogarna\/","title":{"rendered":"Svea hovr\u00e4tt upph\u00e4vde MMD:s dom av \u00e4ndrad vindkraftsh\u00f6jd i Bodh\u00f6garna."},"content":{"rendered":"<p>Saken: \u00c4ndringstillst\u00e5nd avseende \u00e4ndrad h\u00f6jd av vindkraftverk vid vindpark Bodh\u00f6garna i Ragunda kommun och Str\u00f6msunds kommun.<\/p>\n<p>SVEA HOVR\u00c4TT <strong>DOM <\/strong>M 6227-17<\/p>\n<p>Mark- och milj\u00f6\u00f6verdomstolen<\/p>\n<p>MARK- OCH MILJ\u00d6\u00d6VERDOMSTOLENS DOMSLUT<\/p>\n<p>Med \u00e4ndring av mark- och milj\u00f6domstolens dom upph\u00e4ver Mark- och milj\u00f6\u00f6verdomstolen L\u00e4nsstyrelsen i V\u00e4sternorrlands l\u00e4ns, milj\u00f6pr\u00f6vningsdelegationen, beslut den 6 juli 2016 i \u00e4rende nr 551-5755-14 samt avsl\u00e5r ans\u00f6kan om \u00e4ndringstillst\u00e5nd.<\/p>\n<p><a href=\"https:\/\/vildavastra.se\/snurrigt\/wp-content\/uploads\/2018\/05\/Svea-HR-M-6227-17-Dom-2018-05-15-Bodh\u00f6garna.pdf\">Svea HR M 6227-17 Dom 2018-05-15 Bodh\u00f6garna<\/a><\/p>\n","protected":false},"excerpt":{"rendered":"<p>Saken: \u00c4ndringstillst\u00e5nd avseende \u00e4ndrad h\u00f6jd av vindkraftverk vid vindpark Bodh\u00f6garna i Ragunda kommun och Str\u00f6msunds kommun. SVEA HOVR\u00c4TT DOM M 6227-17 Mark- och milj\u00f6\u00f6verdomstolen MARK- OCH MILJ\u00d6\u00d6VERDOMSTOLENS DOMSLUT Med \u00e4ndring av mark- och milj\u00f6domstolens dom upph\u00e4ver Mark- och milj\u00f6\u00f6verdomstolen L\u00e4nsstyrelsen i V\u00e4sternorrlands l\u00e4ns, milj\u00f6pr\u00f6vningsdelegationen, beslut den 6 juli 2016 i \u00e4rende nr 551-5755-14 samt avsl\u00e5r &hellip; <\/p>\n<p class=\"link-more\"><a href=\"https:\/\/vildavastra.se\/snurrigt\/2018\/05\/15\/svea-hovratt-upphavde-mmds-dom-av-andrad-vindkraftshojd-i-bodhogarna\/\" class=\"more-link\">Forts\u00e4tt l\u00e4sa<span class=\"screen-reader-text\"> \u201dSvea hovr\u00e4tt upph\u00e4vde MMD:s dom av \u00e4ndrad vindkraftsh\u00f6jd i Bodh\u00f6garna.\u201d<\/span><\/a><\/p>\n","protected":false},"author":2,"featured_media":0,"comment_status":"open","ping_status":"closed","sticky":false,"template":"","format":"standard","meta":{"footnotes":""},"categories":[1],"tags":[],"class_list":["post-5390","post","type-post","status-publish","format-standard","hentry","category-allmant"],"_links":{"self":[{"href":"https:\/\/vildavastra.se\/snurrigt\/wp-json\/wp\/v2\/posts\/5390","targetHints":{"allow":["GET"]}}],"collection":[{"href":"https:\/\/vildavastra.se\/snurrigt\/wp-json\/wp\/v2\/posts"}],"about":[{"href":"https:\/\/vildavastra.se\/snurrigt\/wp-json\/wp\/v2\/types\/post"}],"author":[{"embeddable":true,"href":"https:\/\/vildavastra.se\/snurrigt\/wp-json\/wp\/v2\/users\/2"}],"replies":[{"embeddable":true,"href":"https:\/\/vildavastra.se\/snurrigt\/wp-json\/wp\/v2\/comments?post=5390"}],"version-history":[{"count":1,"href":"https:\/\/vildavastra.se\/snurrigt\/wp-json\/wp\/v2\/posts\/5390\/revisions"}],"predecessor-version":[{"id":5392,"href":"https:\/\/vildavastra.se\/snurrigt\/wp-json\/wp\/v2\/posts\/5390\/revisions\/5392"}],"wp:attachment":[{"href":"https:\/\/vildavastra.se\/snurrigt\/wp-json\/wp\/v2\/media?parent=5390"}],"wp:term":[{"taxonomy":"category","embeddable":true,"href":"https:\/\/vildavastra.se\/snurrigt\/wp-json\/wp\/v2\/categories?post=5390"},{"taxonomy":"post_tag","embeddable":true,"href":"https:\/\/vildavastra.se\/snurrigt\/wp-json\/wp\/v2\/tags?post=5390"}],"curies":[{"name":"wp","href":"https:\/\/api.w.org\/{rel}","templated":true}]}}