{"id":5467,"date":"2018-11-28T19:52:48","date_gmt":"2018-11-28T19:52:48","guid":{"rendered":"https:\/\/vildavastra.se\/snurrigt\/?p=5467"},"modified":"2018-11-28T20:08:28","modified_gmt":"2018-11-28T20:08:28","slug":"till-solleftea-kommuns-politiker","status":"publish","type":"post","link":"https:\/\/vildavastra.se\/snurrigt\/2018\/11\/28\/till-solleftea-kommuns-politiker\/","title":{"rendered":"Till Sollefte\u00e5 kommuns politiker"},"content":{"rendered":"<p>K\u00f6ping 2018 11 27<\/p>\n<p>Vindkraftsetablering i F\u00e4ngsj\u00f6\/Storsj\u00f6h\u00f6jden Sollefte\u00e5 Kommun.<\/p>\n<p>Det h\u00e4r \u00e4r en reflektion fr\u00e5n Markus Nyberg och Johanna Holmstr\u00f6m till Er f\u00f6rtroendevalda i Sollefte\u00e5 Kommun. Vi \u00e4r inv\u00e5nare i den v\u00e4stmanl\u00e4ndska Kommunen K\u00f6ping. Johanna har sin sl\u00e4kt n\u00e5gon mil fr\u00e5n det planerade vindkraftsomr\u00e5det i F\u00e4ngsj\u00f6\/Storsj\u00f6h\u00f6jden. Vi har f\u00f6rankring i det enormt fina landskapet som utm\u00e4rker Er kommun. Tanken \u00e4r att vi ska s\u00f6ka oss till omr\u00e5det l\u00e4ngre fram i livet. Under n\u00e5gra \u00e5r var vi starkt engagerade i dialogen kring det som skulle bli Mellansveriges st\u00f6rsta vindkraftsetablering. Vi gjorde v\u00e5rt yttersta f\u00f6r att hj\u00e4lpa K\u00f6pings Kommun med underlag och uppgifter n\u00e4r ett v\u00e4rdefullt och uppskattat naturomr\u00e5de var utpekat som m\u00f6jligt f\u00f6r storskalig vindkraft. Omr\u00e5det var ett som kunde betraktas som n\u00e5got av kommunens vildmark. Tyst, op\u00e5verkat av infrastruktur och med h\u00f6g f\u00f6rekomst av vilda arter. M\u00e5nga byar och enskilda hus som bryter av den rena naturen. Kommunens slutsats blev efter m\u00e5nga studier, analyser och \u00f6verl\u00e4ggningar att man ville avsl\u00e5 den h\u00e4r etableringen. Med stark opinion och samtliga politiska partier eniga bakom sig tog man beslutet. Idag har man ingen vindbruksplan. Trots detta profilerar man sig starkt inom milj\u00f6arbete och utveckling. Exempelvis energieffektiviserar man genom att anv\u00e4nda spillv\u00e4rme fr\u00e5n industri. Man sammanbinder fj\u00e4rrv\u00e4rmen med grannkommunerna s\u00e5 att \u00f6verskottet fr\u00e5n K\u00f6ping kan tillgodose mycket fler hush\u00e5ll. Idag \u00e4r man landets t\u00e4taste kommun vad det g\u00e4ller yta sol-el per inv\u00e5nare. Det st\u00e5r b\u00e5de boningshus och ladug\u00e5rdar h\u00e4romkring som \u00e4r t\u00e4ckta med solceller. Man genomf\u00f6r helt enkelt utvecklande projekt tillsammans med kommunens inv\u00e5nare. Arbetet f\u00f6rb\u00e4ttrar, besparar och samtidigt minskar p\u00e5verkan p\u00e5 milj\u00f6 och klimat. Detta utan att f\u00f6rbruka en enda kvadratmeter odlingsbar mark eller negativt p\u00e5verkar natur med h\u00f6ga v\u00e4rden. I den mindre glesbygdskommunen K\u00f6ping tar man hand om och skyddar sin mark, vatten, djur, natur, befolkning och det lokala n\u00e4ringslivet. Gigantiska vindkraftverk hade inte bidragit till n\u00e5gon av dessa uppr\u00e4knade.<\/p>\n<p>Storskalig landbaserad vindkraft \u00e4r ett klumpigt instrument n\u00e4r man ska utveckla ett samh\u00e4lle mot h\u00e5llbarhet. P\u00e5verkan \u00e4r s\u00e5 stor att det \u00e4r sv\u00e5rt att p\u00e5 f\u00f6rhand visa vilka effekter som den h\u00e4r typen av industri ger. Effekterna i kvalitet f\u00f6r kommunens inv\u00e5nare blir p\u00e5tagliga. Situationen blir en grogrund f\u00f6r misstro, splittring och avfolkning. Sollefte\u00e5 Kommuns attraktionskraft minskar och landet Sverige som varum\u00e4rke mattas av. Det \u00e4r p\u00e5 inget sett n\u00e5gon \u00f6verdrift. D\u00e4remot \u00e4r det hela valbart och m\u00f6jligt att p\u00e5verka. H\u00e4r har ni folkvalda en stor m\u00f6jlighet att ta steget vidare i utvecklingen med er kommun. Ett arbete som enar Er med kommunens inv\u00e5nare och som ger m\u00e5nga goda effekter forts\u00e4ttningsvis.<\/p>\n<p>Vi \u00f6nskar Er all lycka till och hoppas p\u00e5 att f\u00e5 f\u00f6lja ett f\u00f6red\u00f6mligt arbete i Sollefte\u00e5 kommun.<\/p>\n<p>H\u00e4lsningar Johanna och Markus<br \/>\nK\u00f6ping<\/p>\n<p><img loading=\"lazy\" decoding=\"async\" class=\"alignleft wp-image-5470\" src=\"https:\/\/vildavastra.se\/snurrigt\/wp-content\/uploads\/2018\/11\/Fetbj\u00f6rken-150x140.jpg\" alt=\"\" width=\"150\" height=\"140\" \/><img loading=\"lazy\" decoding=\"async\" class=\"alignright wp-image-5468 size-thumbnail\" src=\"https:\/\/vildavastra.se\/snurrigt\/wp-content\/uploads\/2018\/11\/G\u00f6te-150x140.jpg\" alt=\"\" width=\"150\" height=\"140\" \/><\/p>\n<p><img loading=\"lazy\" decoding=\"async\" class=\"aligncenter wp-image-5469\" src=\"https:\/\/vildavastra.se\/snurrigt\/wp-content\/uploads\/2018\/11\/Johanna20och20Markus.jpg\" alt=\"\" width=\"139\" height=\"96\" \/><\/p>\n<p>&nbsp;<\/p>\n","protected":false},"excerpt":{"rendered":"<p>K\u00f6ping 2018 11 27 Vindkraftsetablering i F\u00e4ngsj\u00f6\/Storsj\u00f6h\u00f6jden Sollefte\u00e5 Kommun. Det h\u00e4r \u00e4r en reflektion fr\u00e5n Markus Nyberg och Johanna Holmstr\u00f6m till Er f\u00f6rtroendevalda i Sollefte\u00e5 Kommun. Vi \u00e4r inv\u00e5nare i den v\u00e4stmanl\u00e4ndska Kommunen K\u00f6ping. Johanna har sin sl\u00e4kt n\u00e5gon mil fr\u00e5n det planerade vindkraftsomr\u00e5det i F\u00e4ngsj\u00f6\/Storsj\u00f6h\u00f6jden. Vi har f\u00f6rankring i det enormt fina landskapet som &hellip; <\/p>\n<p class=\"link-more\"><a href=\"https:\/\/vildavastra.se\/snurrigt\/2018\/11\/28\/till-solleftea-kommuns-politiker\/\" class=\"more-link\">Forts\u00e4tt l\u00e4sa<span class=\"screen-reader-text\"> \u201dTill Sollefte\u00e5 kommuns politiker\u201d<\/span><\/a><\/p>\n","protected":false},"author":2,"featured_media":0,"comment_status":"open","ping_status":"closed","sticky":false,"template":"","format":"standard","meta":{"footnotes":""},"categories":[1,28,3,33],"tags":[12,20,21],"class_list":["post-5467","post","type-post","status-publish","format-standard","hentry","category-allmant","category-fangsjo-storsjohojden","category-forsca","category-storhojden","tag-naturforstorelse","tag-vindkraften-solleftea-kommun","tag-vindprojektet-fangsjostorsjohojden"],"_links":{"self":[{"href":"https:\/\/vildavastra.se\/snurrigt\/wp-json\/wp\/v2\/posts\/5467","targetHints":{"allow":["GET"]}}],"collection":[{"href":"https:\/\/vildavastra.se\/snurrigt\/wp-json\/wp\/v2\/posts"}],"about":[{"href":"https:\/\/vildavastra.se\/snurrigt\/wp-json\/wp\/v2\/types\/post"}],"author":[{"embeddable":true,"href":"https:\/\/vildavastra.se\/snurrigt\/wp-json\/wp\/v2\/users\/2"}],"replies":[{"embeddable":true,"href":"https:\/\/vildavastra.se\/snurrigt\/wp-json\/wp\/v2\/comments?post=5467"}],"version-history":[{"count":2,"href":"https:\/\/vildavastra.se\/snurrigt\/wp-json\/wp\/v2\/posts\/5467\/revisions"}],"predecessor-version":[{"id":5472,"href":"https:\/\/vildavastra.se\/snurrigt\/wp-json\/wp\/v2\/posts\/5467\/revisions\/5472"}],"wp:attachment":[{"href":"https:\/\/vildavastra.se\/snurrigt\/wp-json\/wp\/v2\/media?parent=5467"}],"wp:term":[{"taxonomy":"category","embeddable":true,"href":"https:\/\/vildavastra.se\/snurrigt\/wp-json\/wp\/v2\/categories?post=5467"},{"taxonomy":"post_tag","embeddable":true,"href":"https:\/\/vildavastra.se\/snurrigt\/wp-json\/wp\/v2\/tags?post=5467"}],"curies":[{"name":"wp","href":"https:\/\/api.w.org\/{rel}","templated":true}]}}