{"id":5474,"date":"2018-12-01T05:55:47","date_gmt":"2018-12-01T05:55:47","guid":{"rendered":"https:\/\/vildavastra.se\/snurrigt\/?p=5474"},"modified":"2018-12-06T15:11:33","modified_gmt":"2018-12-06T15:11:33","slug":"tva-rapporter-fran-samma-mote-den-29-11-i-solleftea","status":"publish","type":"post","link":"https:\/\/vildavastra.se\/snurrigt\/2018\/12\/01\/tva-rapporter-fran-samma-mote-den-29-11-i-solleftea\/","title":{"rendered":"Rapport fr\u00e5n SCA\/Forscas m\u00f6te med kommunpolitiker den 29\/11"},"content":{"rendered":"<p><img loading=\"lazy\" decoding=\"async\" class=\"aligncenter wp-image-5156 size-large\" src=\"https:\/\/vildavastra.se\/snurrigt\/wp-content\/uploads\/2018\/02\/Stugusj\u00f6n-1024x394.png\" alt=\"\" width=\"525\" height=\"202\" srcset=\"https:\/\/vildavastra.se\/snurrigt\/wp-content\/uploads\/2018\/02\/Stugusj\u00f6n-1024x394.png 1024w, https:\/\/vildavastra.se\/snurrigt\/wp-content\/uploads\/2018\/02\/Stugusj\u00f6n-300x115.png 300w, https:\/\/vildavastra.se\/snurrigt\/wp-content\/uploads\/2018\/02\/Stugusj\u00f6n-768x295.png 768w, https:\/\/vildavastra.se\/snurrigt\/wp-content\/uploads\/2018\/02\/Stugusj\u00f6n.png 1243w\" sizes=\"auto, (max-width: 525px) 100vw, 525px\" \/><\/p>\n<p>Den 29 nov. hade SCA\/Forsca inbjudit sig sj\u00e4lva till ett s.k. informationsm\u00f6te med Sollefte\u00e5 kommuns politiker. Detta med anledning p\u00e5 Forscas planer att l\u00e4mna in en <a href=\"https:\/\/vildavastra.se\/snurrigt\/2018\/11\/22\/sca-har-planer-pa-en-ny-ansokan-trots-avslag-i-mmod\/\">ny ans\u00f6kan p\u00e5 storskaligt vindkraftsprojekt<\/a> i F\u00e4ngsj\u00f6\/Storsj\u00f6h\u00f6jden i N\u00e4s\u00e5ker. Tidigare ans\u00f6kan avslogs, efter sju \u00e5rs process, i MM\u00d6D i april 2018.<\/p>\n<p><a href=\"https:\/\/vildavastra.se\/snurrigt\/wp-content\/uploads\/2018\/12\/Forscas-presentation-Sollefte\u00e5-Kommun-2018-11-29.pdf\"><strong>Forscas presentation Sollefte\u00e5 Kommun 2018-11-29<\/strong><\/a><\/p>\n","protected":false},"excerpt":{"rendered":"<p>Den 29 nov. hade SCA\/Forsca inbjudit sig sj\u00e4lva till ett s.k. informationsm\u00f6te med Sollefte\u00e5 kommuns politiker. Detta med anledning p\u00e5 Forscas planer att l\u00e4mna in en ny ans\u00f6kan p\u00e5 storskaligt vindkraftsprojekt i F\u00e4ngsj\u00f6\/Storsj\u00f6h\u00f6jden i N\u00e4s\u00e5ker. Tidigare ans\u00f6kan avslogs, efter sju \u00e5rs process, i MM\u00d6D i april 2018. Forscas presentation Sollefte\u00e5 Kommun 2018-11-29<\/p>\n","protected":false},"author":2,"featured_media":0,"comment_status":"open","ping_status":"closed","sticky":false,"template":"","format":"standard","meta":{"footnotes":""},"categories":[28,3,33],"tags":[],"class_list":["post-5474","post","type-post","status-publish","format-standard","hentry","category-fangsjo-storsjohojden","category-forsca","category-storhojden"],"_links":{"self":[{"href":"https:\/\/vildavastra.se\/snurrigt\/wp-json\/wp\/v2\/posts\/5474","targetHints":{"allow":["GET"]}}],"collection":[{"href":"https:\/\/vildavastra.se\/snurrigt\/wp-json\/wp\/v2\/posts"}],"about":[{"href":"https:\/\/vildavastra.se\/snurrigt\/wp-json\/wp\/v2\/types\/post"}],"author":[{"embeddable":true,"href":"https:\/\/vildavastra.se\/snurrigt\/wp-json\/wp\/v2\/users\/2"}],"replies":[{"embeddable":true,"href":"https:\/\/vildavastra.se\/snurrigt\/wp-json\/wp\/v2\/comments?post=5474"}],"version-history":[{"count":12,"href":"https:\/\/vildavastra.se\/snurrigt\/wp-json\/wp\/v2\/posts\/5474\/revisions"}],"predecessor-version":[{"id":5496,"href":"https:\/\/vildavastra.se\/snurrigt\/wp-json\/wp\/v2\/posts\/5474\/revisions\/5496"}],"wp:attachment":[{"href":"https:\/\/vildavastra.se\/snurrigt\/wp-json\/wp\/v2\/media?parent=5474"}],"wp:term":[{"taxonomy":"category","embeddable":true,"href":"https:\/\/vildavastra.se\/snurrigt\/wp-json\/wp\/v2\/categories?post=5474"},{"taxonomy":"post_tag","embeddable":true,"href":"https:\/\/vildavastra.se\/snurrigt\/wp-json\/wp\/v2\/tags?post=5474"}],"curies":[{"name":"wp","href":"https:\/\/api.w.org\/{rel}","templated":true}]}}