{"id":5542,"date":"2019-02-08T15:35:30","date_gmt":"2019-02-08T15:35:30","guid":{"rendered":"https:\/\/vildavastra.se\/snurrigt\/?p=5542"},"modified":"2019-02-10T14:03:56","modified_gmt":"2019-02-10T14:03:56","slug":"vindkraftsprojektet-flakaberget","status":"publish","type":"post","link":"https:\/\/vildavastra.se\/snurrigt\/2019\/02\/08\/vindkraftsprojektet-flakaberget\/","title":{"rendered":"Vindkraftsprojektet Flakaberget"},"content":{"rendered":"\n<p><msreadoutspan class=\"msreadout-line-highlight\"> P\u00e5 R\u00f6\u00e5ns hemsida finns ett nytt inl\u00e4gg om ett &#8221;nygammalt&#8221; vindkraftsprojekt <strong><em>Flakaberget<\/em><\/strong> som ser ut att f\u00e5 ett nytt liv igen. <\/msreadoutspan><\/p>\n\n\n\n<p>&#8221;<em>Vindkraftmaffian \u00e4r verkligen p\u00e5 hugget nu; F\u00f6rst offentliggjorde FORSCA sin avsikt att sondera terr\u00e4ngen inf\u00f6r en ny ans\u00f6kan om storskalig vindindustri i F\u00e4ngsj\u00f6\/Storsj\u00f6j\u00f6jden. D\u00e4refter kom J\u00e4mtkrafts planer p\u00e5 Hocksj\u00f6n och nu erfar vi att Flodin m.fl. g\u00e5r till f\u00f6rnyat angrepp p\u00e5 Flakaberget och Nallkullen.<\/em><\/p>\n\n\n\n<p><em>&nbsp;Det har varit tyst om Flakabergsexploatering&nbsp; sedan Flodin som ombud arrangerade en symbolisk ig\u00e5ngs\u00e4ttning av det projektet. Bygglovet h\u00f6ll n\u00e4mligen p\u00e5 att l\u00f6pa ut.<\/em><\/p>\n\n\n\n<p><em>Enligt dokument, som jag i dag erh\u00e5llit fr\u00e5n l\u00e4nsstyrelsens diarium, planerar nu ett f\u00f6retag , Mitt Vind AB, att exploatera Flakaberget p\u00e5 ett s\u00e4tt som fordrar tillst\u00e5nd f\u00f6r milj\u00f6farlig verksamhet. Enligt dagsf\u00e4rsk information fr\u00e5n Bolagsverket finns det inget f\u00f6retag, som heter Mitt Vind AB. Intressant att notera \u00e4r allts\u00e5 att Flakaberget nu riskerar en storskalig vindindustri  i.s.f. den av kommunen f\u00f6rut godk\u00e4nda mellanstora bygglovsexploateringen. Och att denna storskaliga exploatering planeras av ett f\u00f6retag, som inte finns.&#8221;<\/em><\/p>\n\n\n\n<p>L\u00e4s mera om Flakaberget h\u00e4r:  <a href=\"http:\/\/roan.junselebyar.se\/?p=2619\">http:\/\/roan.junselebyar.se\/?p=2619<\/a><\/p>\n","protected":false},"excerpt":{"rendered":"<p>P\u00e5 R\u00f6\u00e5ns hemsida finns ett nytt inl\u00e4gg om ett &#8221;nygammalt&#8221; vindkraftsprojekt Flakaberget som ser ut att f\u00e5 ett nytt liv igen. &#8221;Vindkraftmaffian \u00e4r verkligen p\u00e5 hugget nu; F\u00f6rst offentliggjorde FORSCA sin avsikt att sondera terr\u00e4ngen inf\u00f6r en ny ans\u00f6kan om storskalig vindindustri i F\u00e4ngsj\u00f6\/Storsj\u00f6j\u00f6jden. D\u00e4refter kom J\u00e4mtkrafts planer p\u00e5 Hocksj\u00f6n och nu erfar vi att &hellip; <\/p>\n<p class=\"link-more\"><a href=\"https:\/\/vildavastra.se\/snurrigt\/2019\/02\/08\/vindkraftsprojektet-flakaberget\/\" class=\"more-link\">Forts\u00e4tt l\u00e4sa<span class=\"screen-reader-text\"> \u201dVindkraftsprojektet Flakaberget\u201d<\/span><\/a><\/p>\n","protected":false},"author":2,"featured_media":0,"comment_status":"open","ping_status":"closed","sticky":false,"template":"","format":"standard","meta":{"footnotes":""},"categories":[1,30,35],"tags":[],"class_list":["post-5542","post","type-post","status-publish","format-standard","hentry","category-allmant","category-flakaberget","category-miljo"],"_links":{"self":[{"href":"https:\/\/vildavastra.se\/snurrigt\/wp-json\/wp\/v2\/posts\/5542","targetHints":{"allow":["GET"]}}],"collection":[{"href":"https:\/\/vildavastra.se\/snurrigt\/wp-json\/wp\/v2\/posts"}],"about":[{"href":"https:\/\/vildavastra.se\/snurrigt\/wp-json\/wp\/v2\/types\/post"}],"author":[{"embeddable":true,"href":"https:\/\/vildavastra.se\/snurrigt\/wp-json\/wp\/v2\/users\/2"}],"replies":[{"embeddable":true,"href":"https:\/\/vildavastra.se\/snurrigt\/wp-json\/wp\/v2\/comments?post=5542"}],"version-history":[{"count":4,"href":"https:\/\/vildavastra.se\/snurrigt\/wp-json\/wp\/v2\/posts\/5542\/revisions"}],"predecessor-version":[{"id":5548,"href":"https:\/\/vildavastra.se\/snurrigt\/wp-json\/wp\/v2\/posts\/5542\/revisions\/5548"}],"wp:attachment":[{"href":"https:\/\/vildavastra.se\/snurrigt\/wp-json\/wp\/v2\/media?parent=5542"}],"wp:term":[{"taxonomy":"category","embeddable":true,"href":"https:\/\/vildavastra.se\/snurrigt\/wp-json\/wp\/v2\/categories?post=5542"},{"taxonomy":"post_tag","embeddable":true,"href":"https:\/\/vildavastra.se\/snurrigt\/wp-json\/wp\/v2\/tags?post=5542"}],"curies":[{"name":"wp","href":"https:\/\/api.w.org\/{rel}","templated":true}]}}