{"id":5550,"date":"2019-02-18T15:24:12","date_gmt":"2019-02-18T15:24:12","guid":{"rendered":"https:\/\/vildavastra.se\/snurrigt\/?p=5550"},"modified":"2019-02-19T05:47:01","modified_gmt":"2019-02-19T05:47:01","slug":"c-i-solleftea-sager-nej-till-vindkraft-pa-fangsjo-storsjohojden","status":"publish","type":"post","link":"https:\/\/vildavastra.se\/snurrigt\/2019\/02\/18\/c-i-solleftea-sager-nej-till-vindkraft-pa-fangsjo-storsjohojden\/","title":{"rendered":"C i Sollefte\u00e5 s\u00e4ger nej till vindkraft p\u00e5 F\u00e4ngsj\u00f6\/Storsj\u00f6h\u00f6jden"},"content":{"rendered":"\n<figure class=\"wp-block-image\"><img loading=\"lazy\" decoding=\"async\" width=\"992\" height=\"558\" src=\"https:\/\/vildavastra.se\/snurrigt\/wp-content\/uploads\/2019\/02\/1549897091.jpg\" alt=\"\" class=\"wp-image-5551\" srcset=\"https:\/\/vildavastra.se\/snurrigt\/wp-content\/uploads\/2019\/02\/1549897091.jpg 992w, https:\/\/vildavastra.se\/snurrigt\/wp-content\/uploads\/2019\/02\/1549897091-300x169.jpg 300w, https:\/\/vildavastra.se\/snurrigt\/wp-content\/uploads\/2019\/02\/1549897091-768x432.jpg 768w\" sizes=\"auto, (max-width: 767px) 89vw, (max-width: 1000px) 54vw, (max-width: 1071px) 543px, 580px\" \/><figcaption>Bild: SVT arkiv.<\/figcaption><\/figure>\n\n\n\n<p>Den 11 februari gick media ut och ber\u00e4ttade att C sagt nej till Forscas planerade vindkraftsprojekt i F\u00e4ngsj\u00f6\/ Storsj\u00f6h\u00f6jden. Ett gl\u00e4djande besked. \u00c4ven SD kommer att s\u00e4ga nej enligt uppgift.  V\u00e4stra Initiativet s\u00e4ger generellt nej till all vindkraft.<\/p>\n\n\n\n<p>Nu \u00e5terst\u00e5r det tredje partiet i den nya alliansen att s\u00e4ga sitt. V\u00e4nsterpartiets besked v\u00e4ntas under februari. Vi k\u00e4nner oss optimistiska inf\u00f6r utg\u00e5ngen men vill inte ta ut n\u00e5gon seger i f\u00f6rskott innan alla partier har kommit med besked. <\/p>\n\n\n\n<p>Uppdatering:  (M) \u00e4r fortsatt positiva till vindkraft och s\u00e4ger ja till vindkraft p\u00e5 F\u00e4ngsj\u00f6\/Storsj\u00f6h\u00f6jden. Det beslutades under moderaternas gruppm\u00f6te den 18\/2.  Det \u00e4r tv\u00e4rt emot vad Kerstin Franz\u00e9n <a href=\"https:\/\/vildavastra.se\/snurrigt\/2018\/08\/16\/infor-valet-2018-partiernas-svar-om-vindkraft-i-kommunen\/\">sa f\u00f6re valet<\/a>. Citat: <em>&#8221;Moderaterna kommer inte att bevilja n\u00e5gra nya vindkraftparker. Vi ser ingen anledning att g\u00e5 ut\u00f6ver vad som st\u00e5r i Vindbruksplanen.<\/em>&#8221; (M) har tv\u00e5 mandat i kommunfullm\u00e4ktige Lena Asplund och Kerstin Franz\u00e9n)<\/p>\n\n\n\n<p> Det \u00e4r tydligt, \u00e5ter igen, att politikers l\u00f6ften \u00e4r inte att lita p\u00e5. I synnerhet inte i valtider. <\/p>\n\n\n\n<hr class=\"wp-block-separator\"\/>\n\n\n\n<p><strong>&#8221;Mycket talar nu f\u00f6r att den stora vindkraftsatsningen i Storsj\u00f6h\u00f6jden och F\u00e4ngsj\u00f6n norr om Sollefte\u00e5 g\u00e5r i st\u00f6pet. Tv\u00e5 av tre partier i den nya majoriteten i kommunen \u00e4r negativa.<\/strong><br><strong>\u2013 Hela majoriteten har inte l\u00e4mnat besked \u00e4nnu men sent i g\u00e5r kv\u00e4ll landade vi i Centerpartiet i ett nej, ber\u00e4ttar Johan Andersson (C), kommunstyrelsens ordf\u00f6rande.&#8221;&nbsp;<a href=\"https:\/\/www.svt.se\/nyheter\/lokalt\/vasternorrland\/c-i-solleftea-sager-nej-till-vindkraftsparker?fbclid=IwAR3K4x-9L6KvflqBGcRXMWvZ8OOVA5VfCbIMfBjQ-lK7UoigWOiFfYoZJ84\">SVT.<\/a><\/strong><\/p>\n","protected":false},"excerpt":{"rendered":"<p>Den 11 februari gick media ut och ber\u00e4ttade att C sagt nej till Forscas planerade vindkraftsprojekt i F\u00e4ngsj\u00f6\/ Storsj\u00f6h\u00f6jden. Ett gl\u00e4djande besked. \u00c4ven SD kommer att s\u00e4ga nej enligt uppgift. V\u00e4stra Initiativet s\u00e4ger generellt nej till all vindkraft. Nu \u00e5terst\u00e5r det tredje partiet i den nya alliansen att s\u00e4ga sitt. V\u00e4nsterpartiets besked v\u00e4ntas under februari. &hellip; <\/p>\n<p class=\"link-more\"><a href=\"https:\/\/vildavastra.se\/snurrigt\/2019\/02\/18\/c-i-solleftea-sager-nej-till-vindkraft-pa-fangsjo-storsjohojden\/\" class=\"more-link\">Forts\u00e4tt l\u00e4sa<span class=\"screen-reader-text\"> \u201dC i Sollefte\u00e5 s\u00e4ger nej till vindkraft p\u00e5 F\u00e4ngsj\u00f6\/Storsj\u00f6h\u00f6jden\u201d<\/span><\/a><\/p>\n","protected":false},"author":2,"featured_media":0,"comment_status":"open","ping_status":"closed","sticky":false,"template":"","format":"standard","meta":{"footnotes":""},"categories":[1,28,3,33],"tags":[],"class_list":["post-5550","post","type-post","status-publish","format-standard","hentry","category-allmant","category-fangsjo-storsjohojden","category-forsca","category-storhojden"],"_links":{"self":[{"href":"https:\/\/vildavastra.se\/snurrigt\/wp-json\/wp\/v2\/posts\/5550","targetHints":{"allow":["GET"]}}],"collection":[{"href":"https:\/\/vildavastra.se\/snurrigt\/wp-json\/wp\/v2\/posts"}],"about":[{"href":"https:\/\/vildavastra.se\/snurrigt\/wp-json\/wp\/v2\/types\/post"}],"author":[{"embeddable":true,"href":"https:\/\/vildavastra.se\/snurrigt\/wp-json\/wp\/v2\/users\/2"}],"replies":[{"embeddable":true,"href":"https:\/\/vildavastra.se\/snurrigt\/wp-json\/wp\/v2\/comments?post=5550"}],"version-history":[{"count":4,"href":"https:\/\/vildavastra.se\/snurrigt\/wp-json\/wp\/v2\/posts\/5550\/revisions"}],"predecessor-version":[{"id":5556,"href":"https:\/\/vildavastra.se\/snurrigt\/wp-json\/wp\/v2\/posts\/5550\/revisions\/5556"}],"wp:attachment":[{"href":"https:\/\/vildavastra.se\/snurrigt\/wp-json\/wp\/v2\/media?parent=5550"}],"wp:term":[{"taxonomy":"category","embeddable":true,"href":"https:\/\/vildavastra.se\/snurrigt\/wp-json\/wp\/v2\/categories?post=5550"},{"taxonomy":"post_tag","embeddable":true,"href":"https:\/\/vildavastra.se\/snurrigt\/wp-json\/wp\/v2\/tags?post=5550"}],"curies":[{"name":"wp","href":"https:\/\/api.w.org\/{rel}","templated":true}]}}