{"id":5557,"date":"2019-02-20T09:46:30","date_gmt":"2019-02-20T09:46:30","guid":{"rendered":"https:\/\/vildavastra.se\/snurrigt\/?p=5557"},"modified":"2019-02-20T09:46:30","modified_gmt":"2019-02-20T09:46:30","slug":"finns-intresse-att-starta-en-regional-forening-for-opinionsbildning-mot-vindkraft","status":"publish","type":"post","link":"https:\/\/vildavastra.se\/snurrigt\/2019\/02\/20\/finns-intresse-att-starta-en-regional-forening-for-opinionsbildning-mot-vindkraft\/","title":{"rendered":"Finns intresse att starta en regional f\u00f6rening f\u00f6r opinionsbildning mot vindkraft?"},"content":{"rendered":"\n<figure class=\"wp-block-image\"><img loading=\"lazy\" decoding=\"async\" width=\"1024\" height=\"511\" src=\"https:\/\/vildavastra.se\/snurrigt\/wp-content\/uploads\/2019\/02\/aa1a61c1-b3ae-490a-9063-b5d9dfb282aa-1024x511.jpg\" alt=\"\" class=\"wp-image-5558\" srcset=\"https:\/\/vildavastra.se\/snurrigt\/wp-content\/uploads\/2019\/02\/aa1a61c1-b3ae-490a-9063-b5d9dfb282aa-1024x511.jpg 1024w, https:\/\/vildavastra.se\/snurrigt\/wp-content\/uploads\/2019\/02\/aa1a61c1-b3ae-490a-9063-b5d9dfb282aa-300x150.jpg 300w, https:\/\/vildavastra.se\/snurrigt\/wp-content\/uploads\/2019\/02\/aa1a61c1-b3ae-490a-9063-b5d9dfb282aa-768x383.jpg 768w, https:\/\/vildavastra.se\/snurrigt\/wp-content\/uploads\/2019\/02\/aa1a61c1-b3ae-490a-9063-b5d9dfb282aa.jpg 1200w\" sizes=\"auto, (max-width: 767px) 89vw, (max-width: 1000px) 54vw, (max-width: 1071px) 543px, 580px\" \/><\/figure>\n\n\n\n<p>Nu j\u00e4vlar f\u00e5r det vara nog. <a href=\"read:https:\/\/www.allehanda.se\/artikel\/viksjo\/1000-nya-jobb-med-vindkraftspark-i-viksjo-jatteprojektet-ger-stort-uppsving-kul-att-landsbygden-ocksa-utvecklas?fbclid=IwAR1PzOhxCwY1qnmvFWNGYYqpwSGJG2hEompd9VCWYk5vWd1Lmk4phx_mqOU\">L\u00e4nkad artikel<\/a> \u00e4r nog det v\u00e4rsta jag l\u00e4st p\u00e5 l\u00e4nge i vindkraftsv\u00e4g hos MittMedia. D\u00e4rf\u00f6r g\u00f6r jag nu en intressesondering: <\/p>\n\n\n\n<p> Finns intresse att starta en regional f\u00f6rening f\u00f6r opinionsbildning mot vindkraft? <\/p>\n\n\n\n<p> Jag t\u00e4nker mig geografisk avgr\u00e4nsning till \u00c5ngermanland i en f\u00f6rsta veva. Man skulle kunna expandera till Medelpad i ett senare skede och d\u00e5 f\u00e5r man \u00f6verlappning med l\u00e4net. <\/p>\n\n\n\n<p> F\u00f6reningen skulle i f\u00f6rsta hand vara en plattform f\u00f6r opinionsarbete och st\u00f6d till lokala aktionsgrupper (som \u00e4r kopplade till specifika vindkraftsprojekt). F\u00f6r denna texts skull, t\u00e4nk er ett namn i stil med &#8221;Vindkraftsmotst\u00e5nd i \u00c5ngermanland &#8211; V\u00c5&#8221;. <\/p>\n\n\n\n<p> Tanken \u00e4r inte att starta n\u00e5got klassiskt f\u00f6reningsliv. Ist\u00e4llet \u00e4r det en plattform d\u00e4r aktivitetsfr\u00e5gan \u00e4gs av de medlemmar som engagerar sig. Konkret arbete kan vara:<\/p>\n\n\n\n<p> &#8211; F\u00f6rfatta ins\u00e4ndare och debattartiklar. Om dessa f\u00e5r f\u00f6rfattarens signatur kompletterad med &#8221;V\u00c5&#8221;, s\u00e5 visar vi upp f\u00f6r politikerna att det finns ett organiserat motst\u00e5nd. <\/p>\n\n\n\n<p> &#8211; Bedriva underr\u00e4ttelsearbete om status p\u00e5 vindkraftsprojekt och -politik, samt publicera dessa systematiskt p\u00e5 en samlad hemsida.<\/p>\n\n\n\n<p> &#8211; Kontakta och ut\u00f6va press p\u00e5 enskilda politiker. Det g\u00e4ller n\u00e4mndsledam\u00f6ter, kommunstyrelsefolk, fullm\u00e4ktigeledam\u00f6ter, m.fl.<\/p>\n\n\n\n<p> &#8211; Avkr\u00e4va de politiska partierna svar regionalt p\u00e5 hur de ser p\u00e5 vindkraftsfr\u00e5gan och publicera svaren.<\/p>\n\n\n\n<p> &#8211; Producera antivindkraftsmaterial f\u00f6r sociala medier.<\/p>\n\n\n\n<p> &#8211; M.m.<\/p>\n\n\n\n<p> Jan Hedman p\u00e5 F\u00f6reningen Svenskt Landsskapsskydd \u00e4r beredd att hj\u00e4lpa till vid uppstart. F\u00f6reningen kan och b\u00f6r bli medlem i FSL.<\/p>\n\n\n\n<p> Erfarenheten visar att man inte beh\u00f6ver vara s\u00e5 m\u00e5nga f\u00f6r att komma ig\u00e5ng. 10 personer \u00e4r mer \u00e4n tillr\u00e4ckligt initialt. Erfarenheterna visar ocks\u00e5 att en spridning p\u00e5 folk i allt fr\u00e5n \u00e5lder, k\u00f6n, politiska uppfattningar och bostadsort \u00e4r positivt och fr\u00e4mjande f\u00f6r den goda saken.<\/p>\n\n\n\n<p> Jag ser framf\u00f6r mig en &#8221;modern&#8221; f\u00f6rening. Det betyder att man har stadgar, styrelse, o.s.v. p\u00e5 klassiskt vis, men att  kommunikation fr\u00e4mst sker digitalt och p\u00e5 telefon. Ingen medlemsavgift. Kanske m\u00f6jlighet f\u00f6r sympatis\u00f6rer att donera en slant. Givet avst\u00e5nden m\u00e5ste man h\u00e5lla obligatoriska fysiska m\u00f6ten till ett minimum. Det ska vara enkelt att vara med och engagerad och alla och envar ska kunna bidra efter f\u00f6rm\u00e5ga och kapacitet, t\u00e4nker jag.<\/p>\n\n\n\n<p> Jag n\u00e5s p\u00e5 070-214 90 60. <\/p>\n\n\n\n<p> Kommentera, resonera, st\u00e4ll fr\u00e5gor eller l\u00e4mna f\u00f6rslag i kommentarsf\u00e4ltet!<\/p>\n\n\n\n<p> \/Sven Valerio <\/p>\n","protected":false},"excerpt":{"rendered":"<p>Nu j\u00e4vlar f\u00e5r det vara nog. L\u00e4nkad artikel \u00e4r nog det v\u00e4rsta jag l\u00e4st p\u00e5 l\u00e4nge i vindkraftsv\u00e4g hos MittMedia. D\u00e4rf\u00f6r g\u00f6r jag nu en intressesondering: Finns intresse att starta en regional f\u00f6rening f\u00f6r opinionsbildning mot vindkraft? Jag t\u00e4nker mig geografisk avgr\u00e4nsning till \u00c5ngermanland i en f\u00f6rsta veva. Man skulle kunna expandera till Medelpad i &hellip; <\/p>\n<p class=\"link-more\"><a href=\"https:\/\/vildavastra.se\/snurrigt\/2019\/02\/20\/finns-intresse-att-starta-en-regional-forening-for-opinionsbildning-mot-vindkraft\/\" class=\"more-link\">Forts\u00e4tt l\u00e4sa<span class=\"screen-reader-text\"> \u201dFinns intresse att starta en regional f\u00f6rening f\u00f6r opinionsbildning mot vindkraft?\u201d<\/span><\/a><\/p>\n","protected":false},"author":2,"featured_media":0,"comment_status":"open","ping_status":"closed","sticky":false,"template":"","format":"standard","meta":{"footnotes":""},"categories":[1,4,35,6],"tags":[],"class_list":["post-5557","post","type-post","status-publish","format-standard","hentry","category-allmant","category-fsl","category-miljo","category-svensk-vindkraft"],"_links":{"self":[{"href":"https:\/\/vildavastra.se\/snurrigt\/wp-json\/wp\/v2\/posts\/5557","targetHints":{"allow":["GET"]}}],"collection":[{"href":"https:\/\/vildavastra.se\/snurrigt\/wp-json\/wp\/v2\/posts"}],"about":[{"href":"https:\/\/vildavastra.se\/snurrigt\/wp-json\/wp\/v2\/types\/post"}],"author":[{"embeddable":true,"href":"https:\/\/vildavastra.se\/snurrigt\/wp-json\/wp\/v2\/users\/2"}],"replies":[{"embeddable":true,"href":"https:\/\/vildavastra.se\/snurrigt\/wp-json\/wp\/v2\/comments?post=5557"}],"version-history":[{"count":1,"href":"https:\/\/vildavastra.se\/snurrigt\/wp-json\/wp\/v2\/posts\/5557\/revisions"}],"predecessor-version":[{"id":5559,"href":"https:\/\/vildavastra.se\/snurrigt\/wp-json\/wp\/v2\/posts\/5557\/revisions\/5559"}],"wp:attachment":[{"href":"https:\/\/vildavastra.se\/snurrigt\/wp-json\/wp\/v2\/media?parent=5557"}],"wp:term":[{"taxonomy":"category","embeddable":true,"href":"https:\/\/vildavastra.se\/snurrigt\/wp-json\/wp\/v2\/categories?post=5557"},{"taxonomy":"post_tag","embeddable":true,"href":"https:\/\/vildavastra.se\/snurrigt\/wp-json\/wp\/v2\/tags?post=5557"}],"curies":[{"name":"wp","href":"https:\/\/api.w.org\/{rel}","templated":true}]}}