{"id":5560,"date":"2019-02-21T13:37:32","date_gmt":"2019-02-21T13:37:32","guid":{"rendered":"https:\/\/vildavastra.se\/snurrigt\/?p=5560"},"modified":"2019-02-21T17:07:49","modified_gmt":"2019-02-21T17:07:49","slug":"oppet-brev-till-vansterpartiet","status":"publish","type":"post","link":"https:\/\/vildavastra.se\/snurrigt\/2019\/02\/21\/oppet-brev-till-vansterpartiet\/","title":{"rendered":"\u00d6ppet brev till V\u00e4nsterpartiet"},"content":{"rendered":"\n<p>Inf\u00f6r V\u00e4nsterpartiets kommande beslut den 25 feb. 2019 ang. ja eller nej till ev. en ny ans\u00f6kan om vindkraft p\u00e5 F\u00e4ngsj\u00f6\/Storsj\u00f6h\u00f6jden. Inl\u00e4gget har skickats till alla ledam\u00f6ter i V\u00e4nsterpartiet i Sollefte\u00e5, dock h\u00e4r i f\u00f6rkortad version..<\/p>\n\n\n\n<p>Vi har under sju \u00e5r f\u00f6rt en l\u00e5ng och m\u00f6dosam kamp \/ process med att stoppa det f\u00f6rra vindkraftsprojektet F\u00e4ngsj\u00f6\/Storsj\u00f6h\u00f6jden.  Av rent personliga sk\u00e4l och av stora naturh\u00e4nsyn. N\u00e4r MM\u00d6D:s dom kom f\u00f6rra v\u00e5ren upplevde vi alla en enorm  gl\u00e4dje,  ja rent av lycka! Avslag! Vi trodde knappt det var sant.&nbsp; Vi kunde bo kvar, forts\u00e4tta att vistas i v\u00e5ra fritidshus, \u00e5ka skidor, jaga,  plocka b\u00e4r, vandra till alla k\u00e4ra platser d\u00e4r vi vistats sedan  barnsben, N\u00e4vern\u00e4san, Oringsj\u00f6 naturreservat, Stugusj\u00f6n, F\u00e4ngsj\u00f6  (d\u00e4r mina f\u00f6rf\u00e4der kom som nybyggare 1827) och alla andra speciella platser i omr\u00e5det som finns i v\u00e5ra hj\u00e4rtan. Vi kunde andas igen! <\/p>\n\n\n\n<p>Samebyarna br\u00f6t ganska snabbt avtalet med vindbolaget  Forsca, n\u00e4r samerna ins\u00e5g vilka konsekvenser det skulle inneb\u00e4ra  f\u00f6r deras viktiga renbetesomr\u00e5de. Vi delar nu \u00e5ter igen samebyarnas oro och f\u00f6rtvivlan inf\u00f6r att vi \u00e5ter igen ev. tvingas att p\u00e5b\u00f6rja en  ny process mot samma hot. M\u00f6jligen med olyckligare utg\u00e5ng \u00e4n den f\u00f6rra..<\/p>\n\n\n\n<p> F\u00e4ngsj\u00f6\/Storsj\u00f6h\u00f6jdens renbetesmarker \u00e4r <strong>ett  riksintresse f\u00f6r samerna<\/strong>. Samerna har haft sina vinterbeten i dessa trakter sedan urminnes tider. Min mor (97 \u00e5r), f\u00f6dd och uppv\u00e4xt i F\u00e4ngsj\u00f6, minns fortfarande hur samerna varje h\u00f6st kom \u00e5kande p\u00e5 sina sl\u00e4dar och renraider genom byn F\u00e4ngsj\u00f6 p\u00e5  1920-talet till renarnas vinterbete i F\u00e4ngsj\u00f6\/Storsj\u00f6h\u00f6jden.  Det har samerna gjort sedan urminnes tider.&nbsp; <br><\/p>\n\n\n\n<p>I den nya \u00f6versiktsplanen sid. 11 st\u00e5r:<strong><em> &#8221;Vid pr\u00f6vning av  vindkraftsetablering d\u00e4r vindbruk riksintresse ber\u00f6rs och  annat riksintresse konkurrerar, prioriteras det andra   riksintresset.&#8221;<\/em><\/strong><br><\/p>\n\n\n\n<p>Arkeologen Bernt Ove Viklund har tillsammans med Lena Kroik   (medlem i samebyn Voernese, tillika forskare) gjort en ny kultur-  och fornminnesinventering av samernas efterl\u00e4mningar i omr\u00e5det.  Detta gjordes 2016-17.  Rapporten utkom 2018 och       forskningsunderlaget \u00e4r utgivet av L\u00e4nsstyrelsen 2018.  Rapporten finns att l\u00e5na p\u00e5 biblioteket. Man har hittat bl.a. ur\u00e5ldriga samevisten och platser som tydligt visar hur viktigt detta omr\u00e5de har varit f\u00f6r samerna under \u00e5rhundraden.&nbsp; PS. Senaste officiella       fornminnesinventering gjordes p\u00e5 1960-talet. L\u00e4nsstyrelsen har f\u00f6rordat att det beh\u00f6vs en ny s\u00e5dan i omr\u00e5det. <\/p>\n\n\n\n<p> I v\u00e5r kamp fick vi snabbt ett starkt st\u00f6d av  \u00c5OF (\u00c5ngermanlands ornitologiska f\u00f6rening) , som gjorde  flera nya \u00f6rninventeringar i omr\u00e5det. De konstaterade, \u00e5ter igen, att det finns en stor population av \u00f6rnar (och \u00e4ven fiskgjuse) i hela  omr\u00e5det, ett faktum som gjorde att en stor del av omr\u00e5det togs  bort i den f\u00f6rra vindkraftsprocessen. Att det finns en stark  \u00f6rnpopulation i omr\u00e5det \u00e4r f.\u00f6. k\u00e4nt av alla som vistas i  naturomr\u00e5det. Vi fick \u00e4ven st\u00f6d av Naturv\u00e5rdsverket och  \u00c5ngermanlands Naturskyddsf\u00f6rening som p\u00e5pekar att detta natur- och  friluftsomr\u00e5de \u00e4r h\u00f6gst ol\u00e4mpligt f\u00f6r vindkraft av milj\u00f6sk\u00e4l.<\/p>\n\n\n\n<p>N\u00e4r Forsca nu \u00e4n en g\u00e5ng vill g\u00f6ra en ny ans\u00f6kan kom det som en  ny chock f\u00f6r oss.  Vi hade hoppats  och trott  att kampen var \u00f6ver f\u00f6r gott. Vid ett tidigt m\u00f6te under den f\u00f6rra  processen p\u00e5 Markusg\u00e5rden med alla ber\u00f6rda (&gt; \u00e4n 200 personer), d\u00e4r \u00e4ven ansvariga p\u00e5 L\u00e4nsstyrelsen deltog,&nbsp; var enigheten stor &#8211; denna etablering fick inte ske! Motst\u00e5ndet var starkt. Vi ville inte bo och vistas mitt i en vindkraftsindustri! Jag kan       inte tro att motst\u00e5ndet \u00e4r mindre idag, snarare tv\u00e4rtom.<\/p>\n\n\n\n<p>F\u00f6r oss som drivit den tidigare processen k\u00e4nns det nya hotet  som en pl\u00e5ga som aldrig verkar ta slut.&nbsp; \u00c4r det verkligen meningen  att V\u00e4nsterpartiet\/kommunen vill att vi ska tvingas flytta? \u00c4r det  s\u00e5 som kommunen v\u00e4rnar om sina inv\u00e5nare? <\/p>\n\n\n\n<p>Kan v\u00e4nsterpartiet  med gott samvete st\u00f6tta ett projekt som inneb\u00e4r att naturen       sk\u00f6vlas och \u00f6rnar skadas\/d\u00f6das av vindkraftsvingar? <\/p>\n\n\n\n<p>Kan  v\u00e4nsterpartiet med gott samvete st\u00f6ta bort samebyarna fr\u00e5n det       viktigaste renbetesomr\u00e5det de har? <\/p>\n\n\n\n<p>Kan v\u00e4nsterpartiet st\u00f6tta ett  projekt som utesluter m\u00e4nniskor att kunna vistas i det st\u00f6rsta  naturomr\u00e5det i kommunen? <\/p>\n\n\n\n<p>Kan verkligen v\u00e4nsterpartiet st\u00f6tta ett  projekt som detta genom att g\u00e5 hand-i-hand med storkapitalet och  dess vilja att exploatera b\u00e5de naturmilj\u00f6n och kommuninv\u00e5narnas  n\u00e4rmilj\u00f6? <\/p>\n\n\n\n<p>Tror v\u00e4nsterpartiet verkligen att vindkraft p\u00e5 F\u00e4ngsj\u00f6\/Storsj\u00f6h\u00f6jden minskar v\u00e5r totala milj\u00f6p\u00e5verkan? <\/p>\n\n\n\n<p>Vill v\u00e4nsterpartiet lokalt medverka till mer  \u00e4n f\u00f6rdubblade elr\u00e4kningar?<\/p>\n\n\n\n<p>  Kan och vill V\u00e4nsterpartiet svika sitt l\u00f6fte de gav f\u00f6re valet?:<br>     <strong>&#8221;Inga nya parker kommer att f\u00e5 OK f\u00e5n  kommunen men det byggas fler inom befintliga parker.&#8221; Skrivet&nbsp; i &#8221;Kandulova&#8221; den 2 sept. 2018 av <a href=\"mailto:solleftea@vansterpartiet.se\">solleftea@vansterpartiet.se<\/a>  \/ ordf.<\/strong><\/p>\n\n\n\n<p>\/ Anita Berglund<\/p>\n","protected":false},"excerpt":{"rendered":"<p>Inf\u00f6r V\u00e4nsterpartiets kommande beslut den 25 feb. 2019 ang. ja eller nej till ev. en ny ans\u00f6kan om vindkraft p\u00e5 F\u00e4ngsj\u00f6\/Storsj\u00f6h\u00f6jden. Inl\u00e4gget har skickats till alla ledam\u00f6ter i V\u00e4nsterpartiet i Sollefte\u00e5, dock h\u00e4r i f\u00f6rkortad version.. Vi har under sju \u00e5r f\u00f6rt en l\u00e5ng och m\u00f6dosam kamp \/ process med att stoppa det f\u00f6rra vindkraftsprojektet &hellip; <\/p>\n<p class=\"link-more\"><a href=\"https:\/\/vildavastra.se\/snurrigt\/2019\/02\/21\/oppet-brev-till-vansterpartiet\/\" class=\"more-link\">Forts\u00e4tt l\u00e4sa<span class=\"screen-reader-text\"> \u201d\u00d6ppet brev till V\u00e4nsterpartiet\u201d<\/span><\/a><\/p>\n","protected":false},"author":2,"featured_media":0,"comment_status":"open","ping_status":"closed","sticky":false,"template":"","format":"standard","meta":{"footnotes":""},"categories":[1,28,3,35,33,6],"tags":[],"class_list":["post-5560","post","type-post","status-publish","format-standard","hentry","category-allmant","category-fangsjo-storsjohojden","category-forsca","category-miljo","category-storhojden","category-svensk-vindkraft"],"_links":{"self":[{"href":"https:\/\/vildavastra.se\/snurrigt\/wp-json\/wp\/v2\/posts\/5560","targetHints":{"allow":["GET"]}}],"collection":[{"href":"https:\/\/vildavastra.se\/snurrigt\/wp-json\/wp\/v2\/posts"}],"about":[{"href":"https:\/\/vildavastra.se\/snurrigt\/wp-json\/wp\/v2\/types\/post"}],"author":[{"embeddable":true,"href":"https:\/\/vildavastra.se\/snurrigt\/wp-json\/wp\/v2\/users\/2"}],"replies":[{"embeddable":true,"href":"https:\/\/vildavastra.se\/snurrigt\/wp-json\/wp\/v2\/comments?post=5560"}],"version-history":[{"count":13,"href":"https:\/\/vildavastra.se\/snurrigt\/wp-json\/wp\/v2\/posts\/5560\/revisions"}],"predecessor-version":[{"id":5576,"href":"https:\/\/vildavastra.se\/snurrigt\/wp-json\/wp\/v2\/posts\/5560\/revisions\/5576"}],"wp:attachment":[{"href":"https:\/\/vildavastra.se\/snurrigt\/wp-json\/wp\/v2\/media?parent=5560"}],"wp:term":[{"taxonomy":"category","embeddable":true,"href":"https:\/\/vildavastra.se\/snurrigt\/wp-json\/wp\/v2\/categories?post=5560"},{"taxonomy":"post_tag","embeddable":true,"href":"https:\/\/vildavastra.se\/snurrigt\/wp-json\/wp\/v2\/tags?post=5560"}],"curies":[{"name":"wp","href":"https:\/\/api.w.org\/{rel}","templated":true}]}}