{"id":5577,"date":"2019-02-22T10:55:23","date_gmt":"2019-02-22T10:55:23","guid":{"rendered":"https:\/\/vildavastra.se\/snurrigt\/?p=5577"},"modified":"2019-02-22T10:57:03","modified_gmt":"2019-02-22T10:57:03","slug":"dagens-magplask-av-s-i-solleftea","status":"publish","type":"post","link":"https:\/\/vildavastra.se\/snurrigt\/2019\/02\/22\/dagens-magplask-av-s-i-solleftea\/","title":{"rendered":"Dagens magplask av (S) i Sollefte\u00e5"},"content":{"rendered":"\n<p>Idag skriver de st\u00f6rsta vindkraftsf\u00f6respr\u00e5karna i Sollefte\u00e5 kommun, tillika cementsossar, en ins\u00e4ndare full med l\u00f6gner och floskler.  Det var l\u00e4nge sedan ett liknande magplask publicerades av (S) . Att (S) aldrig n\u00e5gonsin t\u00e4nker p\u00e5 inv\u00e5narna i den kommun de f\u00f6rs\u00f6rjts och f\u00f6rs\u00f6rjs av \u00e4r uppenbart. <\/p>\n\n\n\n<p> Men socialdemokraterna forts\u00e4tter att  gr\u00e4va sin egen grav. De har hunnit ganska l\u00e5ngt.. <\/p>\n\n\n\n<p><a href=\"https:\/\/www.allehanda.se\/artikel\/insandare\/s-i-solleftea-vi-ar-positiva-till-fornyad-ansokan-om-vindbruk-pa-storsjohojden-fangsjon?fbclid=IwAR0H_dPCglttlXpmaWP9h2UC8tOIpt3Il7BWqNeuagR4WZCWwycBgg4-eqk\">Ins\u00e4ndare i T\u00c5 Allehanda:<\/a> <\/p>\n\n\n\n<p>&#8221;Klimatfr\u00e5gan \u00e4r en \u00f6desfr\u00e5ga f\u00f6r oss alla.<\/p>\n\n\n\n<p>Omst\u00e4llningen till ett fossilfritt samh\u00e4lle m\u00e5ste p\u00e5skyndas. Ska Sverige vara fossilfritt till 2045 m\u00e5ste investeringar i gr\u00f6n, milj\u00f6v\u00e4nlig elproduktion ske.<\/p>\n\n\n\n<figure class=\"wp-block-image\"><img decoding=\"async\" src=\"https:\/\/bildix.mmcloud.se\/bildix\/api\/images\/007049a4-8bb2-40cc-8c0a-47c5d5d18a79.jpeg?fit=crop&amp;w=1200\" alt=\"Planerna f\u00f6r Storsj\u00f6h\u00f6jden\/F\u00e4ngsj\u00f6n handlar om en total satsning p\u00e5 \u00f6ver fyra miljarder, varav en miljard kan hamna hos v\u00e5ra lokala f\u00f6retagare. Detta ger hundratals arbetstillf\u00e4llen i uppbyggnadsfasen och cirka 30 i driftsfasen n\u00e4r vindparken st\u00e5r klar, skriver debattf\u00f6rfattarna.\"\/><figcaption>Planerna f\u00f6r Storsj\u00f6h\u00f6jden\/F\u00e4ngsj\u00f6n handlar om en total satsning p\u00e5 \u00f6ver fyra miljarder, varav en miljard kan hamna hos v\u00e5ra lokala f\u00f6retagare. Detta ger hundratals arbetstillf\u00e4llen i uppbyggnadsfasen och cirka 30 i driftsfasen n\u00e4r vindparken st\u00e5r klar, skriver debattf\u00f6rfattarna.<\/figcaption><\/figure>\n\n\n\n<p>2013 behandlades ans\u00f6kan fr\u00e5n Forsca (Fred Olsen renewables och SCA) g\u00e4llande vindbruk p\u00e5 omr\u00e5det Storsj\u00f6h\u00f6jden\/F\u00e4ngsj\u00f6n. Den totala investeringen ber\u00e4knades d\u00e5 uppg\u00e5 till fyra miljarder kronor.<\/p>\n\n\n\n<p><strong>Med Sollefte\u00e5s <\/strong>m\u00e5tt m\u00e4tt handlar det om gigantiska investeringar som vi anser kommer att ge v\u00e4lbeh\u00f6vliga arbetstillf\u00e4llen och d\u00e4rmed skatteint\u00e4kter till kommunen. Sollefte\u00e5 kommun sade d\u00e5 ja till fortsatt pr\u00f6vning av ans\u00f6kan eftersom ans\u00f6kan bed\u00f6mdes uppfylla de krav som st\u00e4lldes utifr\u00e5n g\u00e4llande regelverk.<\/p>\n\n\n\n<p>I sista instans, efter en \u00f6verklagandeprocess avslog dock mark- och milj\u00f6\u00f6verdomstolen Forscas ans\u00f6kan med h\u00e4nvisning till att de var tvungna att mera noggrant peka ut var vart och ett av vindkraftverken skulle placeras inom det utsedda omr\u00e5det.<\/p>\n\n\n\n<p><strong>Nu har Forsca<\/strong> p\u00e5b\u00f6rjat en dialog med kommunen f\u00f6r att unders\u00f6ka hur vi st\u00e4ller oss till en f\u00f6rnyad ans\u00f6kan p\u00e5 samma omr\u00e5de anpassad till nya bed\u00f6mningsgrunder.<\/p>\n\n\n\n<p>Socialdemokraterna i Sollefte\u00e5 \u00e4r positiva till att Forsca l\u00e4mnar in en ny ans\u00f6kan f\u00f6r kommunen att ta st\u00e4llning till.<\/p>\n\n\n\n<p><strong>SCA \u00e4r \u00e4ven <\/strong>en viktig kugge i Sollefte\u00e5s n\u00e4ringsliv med m\u00e5nga anst\u00e4llda och underentrepren\u00f6rer samt en viktig partner i samarbetet kring v\u00e5rt gymnasieprogram naturbruk\/skog p\u00e5 Skedom.<\/p>\n\n\n\n<p>Att avf\u00e4rda en ny ans\u00f6kan fr\u00e5n ett f\u00f6r Sollefte\u00e5 och Sverige viktigt skogsf\u00f6retag, d\u00e4r de redan lagt ner tiotals miljoner p\u00e5 den tidigare ans\u00f6kningsprocessen anser vi inte vara seri\u00f6st.<\/p>\n\n\n\n<p><strong>Det kommer att<\/strong> s\u00e4nda signaler ut i Sveriges n\u00e4ringsliv att Sollefte\u00e5 inte vill ha n\u00e5gra investeringar innanf\u00f6r sin kommungr\u00e4ns och v\u00e5ra visioner om #drivkraftsollefte\u00e5 och #100till2020 kommer knappast att tas p\u00e5 allvar.<\/p>\n\n\n\n<p>Det \u00e4r ocks\u00e5 ofr\u00e5nkomligt att kommande satsningar p\u00e5 elintensiv industri kommer att drabbas negativt av ett nej till en ny ans\u00f6kan eftersom samtliga nya lokaliseringar ligger p\u00e5 SCA:s mark.<\/p>\n\n\n\n<p>Planerna f\u00f6r Storsj\u00f6h\u00f6jden\/F\u00e4ngsj\u00f6n handlar om en total satsning p\u00e5 \u00f6ver fyra miljarder, varav en miljard kan hamna hos v\u00e5ra lokala f\u00f6retagare. Detta ger hundratals arbetstillf\u00e4llen i uppbyggnadsfasen och cirka 30 i driftsfasen n\u00e4r vindparken st\u00e5r klar.<\/p>\n\n\n\n<p>Menar vi allvar med att Sollefte\u00e5, en kraftfull kommun, ska vara ett centrum inom f\u00f6rnyelsebar elproduktion och betraktar vi den milj\u00f6v\u00e4nliga energisektorn som en framtidsbransch s\u00e4nder det helt fel signaler att avf\u00e4rda en ny ans\u00f6kan fr\u00e5n Forsca.<\/p>\n\n\n\n<p><strong>\u00c5sa Sj\u00f6d\u00e9n (S)<\/strong><\/p>\n\n\n\n<p><strong>John \u00c5berg (S)<\/strong><\/p>\n\n\n\n<p><strong>Elisabet Lassen (S)<\/strong><\/p>\n","protected":false},"excerpt":{"rendered":"<p>Idag skriver de st\u00f6rsta vindkraftsf\u00f6respr\u00e5karna i Sollefte\u00e5 kommun, tillika cementsossar, en ins\u00e4ndare full med l\u00f6gner och floskler. Det var l\u00e4nge sedan ett liknande magplask publicerades av (S) . Att (S) aldrig n\u00e5gonsin t\u00e4nker p\u00e5 inv\u00e5narna i den kommun de f\u00f6rs\u00f6rjts och f\u00f6rs\u00f6rjs av \u00e4r uppenbart. Men socialdemokraterna forts\u00e4tter att gr\u00e4va sin egen grav. De har &hellip; <\/p>\n<p class=\"link-more\"><a href=\"https:\/\/vildavastra.se\/snurrigt\/2019\/02\/22\/dagens-magplask-av-s-i-solleftea\/\" class=\"more-link\">Forts\u00e4tt l\u00e4sa<span class=\"screen-reader-text\"> \u201dDagens magplask av (S) i Sollefte\u00e5\u201d<\/span><\/a><\/p>\n","protected":false},"author":2,"featured_media":0,"comment_status":"open","ping_status":"closed","sticky":false,"template":"","format":"standard","meta":{"footnotes":""},"categories":[1,28,3,35,33,6],"tags":[],"class_list":["post-5577","post","type-post","status-publish","format-standard","hentry","category-allmant","category-fangsjo-storsjohojden","category-forsca","category-miljo","category-storhojden","category-svensk-vindkraft"],"_links":{"self":[{"href":"https:\/\/vildavastra.se\/snurrigt\/wp-json\/wp\/v2\/posts\/5577","targetHints":{"allow":["GET"]}}],"collection":[{"href":"https:\/\/vildavastra.se\/snurrigt\/wp-json\/wp\/v2\/posts"}],"about":[{"href":"https:\/\/vildavastra.se\/snurrigt\/wp-json\/wp\/v2\/types\/post"}],"author":[{"embeddable":true,"href":"https:\/\/vildavastra.se\/snurrigt\/wp-json\/wp\/v2\/users\/2"}],"replies":[{"embeddable":true,"href":"https:\/\/vildavastra.se\/snurrigt\/wp-json\/wp\/v2\/comments?post=5577"}],"version-history":[{"count":2,"href":"https:\/\/vildavastra.se\/snurrigt\/wp-json\/wp\/v2\/posts\/5577\/revisions"}],"predecessor-version":[{"id":5580,"href":"https:\/\/vildavastra.se\/snurrigt\/wp-json\/wp\/v2\/posts\/5577\/revisions\/5580"}],"wp:attachment":[{"href":"https:\/\/vildavastra.se\/snurrigt\/wp-json\/wp\/v2\/media?parent=5577"}],"wp:term":[{"taxonomy":"category","embeddable":true,"href":"https:\/\/vildavastra.se\/snurrigt\/wp-json\/wp\/v2\/categories?post=5577"},{"taxonomy":"post_tag","embeddable":true,"href":"https:\/\/vildavastra.se\/snurrigt\/wp-json\/wp\/v2\/tags?post=5577"}],"curies":[{"name":"wp","href":"https:\/\/api.w.org\/{rel}","templated":true}]}}