{"id":5581,"date":"2019-02-22T11:04:32","date_gmt":"2019-02-22T11:04:32","guid":{"rendered":"https:\/\/vildavastra.se\/snurrigt\/?p=5581"},"modified":"2019-02-22T11:05:28","modified_gmt":"2019-02-22T11:05:28","slug":"partier-i-solleftea-bryter-valloften-om-vindkraft","status":"publish","type":"post","link":"https:\/\/vildavastra.se\/snurrigt\/2019\/02\/22\/partier-i-solleftea-bryter-valloften-om-vindkraft\/","title":{"rendered":"Partier i Sollefte\u00e5 bryter vall\u00f6ften om vindkraft"},"content":{"rendered":"\n<p><strong>Med best\u00f6rtning<\/strong> konstaterar vi medborgare i Sollefte\u00e5 kommun att socialdemokrater och moderater redan bryter mot givna vall\u00f6ften. Vi \u00e4r grundlurade av dessa partier.<\/p>\n\n\n\n<p>F\u00f6re valet, i augusti, lovade de att inte till\u00e5ta mer storskalig vindkraft p\u00e5 Allehandas <a href=\"https:\/\/www.kandulova.se\/allehanda\/solleftea\/fragor\/6134\">#kandulova.<\/a> och <a href=\"https:\/\/www.kandulova.se\/allehanda\/solleftea\/fragor\/8475\">h\u00e4r<\/a>. Nu \u00e4r det annat ljud i sk\u00e4llan. <\/p>\n\n\n\n<figure class=\"wp-block-image\"><img decoding=\"async\" src=\"https:\/\/bildix.mmcloud.se\/bildix\/api\/images\/64c5bf82a5bad3b9a47c8378bd28a1abea0c1b36.jpg?fit=crop&amp;w=1200\" alt=\"Med best\u00f6rtning konstaterar vi medborgare i Sollefte\u00e5 kommun att socialdemokrater och moderater redan bryter mot givna vall\u00f6ften. Vi \u00e4r grundlurade av dessa partier, skriver debattf\u00f6rfattarna. Foto: Henrik Montgomery\/TT \"\/><figcaption>Med best\u00f6rtning konstaterar vi medborgare i Sollefte\u00e5 kommun att socialdemokrater och moderater redan bryter mot givna vall\u00f6ften. Vi \u00e4r grundlurade av dessa partier, skriver debattf\u00f6rfattarna. Foto: Henrik Montgomery\/TT <\/figcaption><\/figure>\n\n\n\n<p>Inte heller t\u00e4nker de f\u00f6lja den nya \u00f6versiktsplanens beslut att inte till\u00e5ta mer storskalig vindkraft med undantag av \u201df\u00f6rt\u00e4tning\u201d i redan befintliga omr\u00e5den. Om \u00e4ven V\u00e4nsterpartiet blir l\u00f6ftesbrytare och v\u00e4ljer att ignorera \u00f6versiktsplanen l\u00e4r avg\u00f6ras m\u00e5ndag 25\/2. D\u00e5 f\u00e5r de drabbade i F\u00e4ngsj\u00f6\/Storsj\u00f6h\u00f6jden\u00e4rendet sin dom.<\/p>\n\n\n\n<p><strong>Men det \u00e4r <\/strong>inte endast detta vindindustriomr\u00e5de, som planeras. Redan nu smids planer p\u00e5 nya storskaliga vindindustrier. I en beg\u00e4ran om samr\u00e5d med kommunen och l\u00e4nsstyrelsen avsl\u00f6jar Mittvind AB och Lugn Vind AB att de avser att exploatera Flakaberget och Nallkullen (inkluderat Storberget) med storskaliga vindindustrier.<\/p>\n\n\n\n<p>Nedan ett citat ur denna samr\u00e5dsbeg\u00e4ran:<\/p>\n\n\n\n<p><em>&#8221;H\u00e4rmed&nbsp; anh\u00e5ller ovan n\u00e4mnda bolag om att f\u00e5 h\u00e5lla samr\u00e5d med Sollefte\u00e5 kommunen och L\u00e4nsstyrelsen V-norrland inf\u00f6r ans\u00f6kan om tillst\u00e5nd enligt Milj\u00f6balken f\u00f6r projekten&nbsp;Nallkullen i Lungsj\u00f6n och projektet Flakaberget N. om NorrMoflo \u2013 \u00d6. om Sundmo efter Fj\u00e4llsj\u00f6\u00e4lven i Sollefte\u00e5 kommun.<\/em><\/p>\n\n\n\n<p><em>B\u00e5da projekten har giltiga bygglov med startbesked, men har nu f\u00f6r avsikt att &#8221;uppgradera&#8221; projekten till godk\u00e4nda tillst\u00e5nd.&#8221;<\/em><\/p>\n\n\n\n<p>Avs\u00e4ndare \u00e4r Hans Erik Flodin, Lugn Vind AB och &#8221;fadder&#8221; f\u00f6r Mittvind AB.<\/p>\n\n\n\n<p><strong>Att &#8221;uppgradera&#8221;<\/strong> l\u00e5ter ju oskyldigt men det inneb\u00e4r att de bygglov, som Sollefte\u00e5 kommun har givit dessa projekt, nu anses f\u00f6r begr\u00e4nsande. Nu vill de uppf\u00f6ra fler och h\u00f6gre verk. P\u00e5 vilket vis har de d\u00e5 t\u00e4nkt &#8221;uppgradera&#8221; till &#8221;godk\u00e4nda tillst\u00e5nd&#8221;?<\/p>\n\n\n\n<p>F\u00f6r Flakaberget finns bygglov f\u00f6r sex verk 150 meter h\u00f6ga. Mitt Vinds nya planer inneb\u00e4r \u00e5tta\u2013nio verk, 200\u2013230 meter h\u00f6ga (dessutom med &#8221;fri placering&nbsp; av verken&#8221;).<\/p>\n\n\n\n<p>Denna f\u00f6r\u00e4ndring till storskaligt vindbruk inneb\u00e4r en &#8221;uppgradering&#8221; till &#8221;milj\u00f6farlig verksamhet&#8221; och fordrar en pr\u00f6vning i Milj\u00f6pr\u00f6vningsdelegationen.<\/p>\n\n\n\n<p><strong>Flakaberget<\/strong> ligger i ett omr\u00e5de som i nya \u00f6versiktsplanen \u00e4r &#8221;F\u00f6reslaget nytt Riksintresse Friluftsliv&#8221; och ligger \u00e4ven inom &#8221;omr\u00e5de som undantas fr\u00e5n storskaligt vindbruk&#8221;. Detta tillsammans med det tydliga generella st\u00e4llningstagandet mot ny storskalig vindkraft och partiernas l\u00f6ften i&nbsp;#kandulova. borde vara mer \u00e4n tillr\u00e4ckligt f\u00f6r att fullst\u00e4ndigt om\u00f6jligg\u00f6ra en storskalig exploatering av det omr\u00e5det. <\/p>\n\n\n\n<p>Men efter moderaternas och socialdemokraternas demokratif\u00f6raktande helomv\u00e4ndning och l\u00f6ftesbrott kan man inte vara s\u00e4ker p\u00e5 n\u00e5gonting. Ingenting \u00e4r heligt l\u00e4ngre\u2026 inte ens l\u00f6ften.<\/p>\n\n\n\n<p>Heder \u00e5t Centerpartiet och V\u00e4stra Initiativet, som valde att f\u00f6lja sina vall\u00f6ften och kommunens \u00f6versiktsplan!<\/p>\n\n\n\n<p><strong>Monica Blomstr\u00f6m<\/strong><\/p>\n\n\n\n<p><strong>Bengt-Erik Sigvardsson<\/strong><\/p>\n\n\n\n<p><strong>Brita Isaksson<\/strong><\/p>\n","protected":false},"excerpt":{"rendered":"<p>Med best\u00f6rtning konstaterar vi medborgare i Sollefte\u00e5 kommun att socialdemokrater och moderater redan bryter mot givna vall\u00f6ften. Vi \u00e4r grundlurade av dessa partier. F\u00f6re valet, i augusti, lovade de att inte till\u00e5ta mer storskalig vindkraft p\u00e5 Allehandas #kandulova. och h\u00e4r. Nu \u00e4r det annat ljud i sk\u00e4llan. Inte heller t\u00e4nker de f\u00f6lja den nya \u00f6versiktsplanens &hellip; <\/p>\n<p class=\"link-more\"><a href=\"https:\/\/vildavastra.se\/snurrigt\/2019\/02\/22\/partier-i-solleftea-bryter-valloften-om-vindkraft\/\" class=\"more-link\">Forts\u00e4tt l\u00e4sa<span class=\"screen-reader-text\"> \u201dPartier i Sollefte\u00e5 bryter vall\u00f6ften om vindkraft\u201d<\/span><\/a><\/p>\n","protected":false},"author":2,"featured_media":0,"comment_status":"open","ping_status":"closed","sticky":false,"template":"","format":"standard","meta":{"footnotes":""},"categories":[1,28,30,3,35],"tags":[],"class_list":["post-5581","post","type-post","status-publish","format-standard","hentry","category-allmant","category-fangsjo-storsjohojden","category-flakaberget","category-forsca","category-miljo"],"_links":{"self":[{"href":"https:\/\/vildavastra.se\/snurrigt\/wp-json\/wp\/v2\/posts\/5581","targetHints":{"allow":["GET"]}}],"collection":[{"href":"https:\/\/vildavastra.se\/snurrigt\/wp-json\/wp\/v2\/posts"}],"about":[{"href":"https:\/\/vildavastra.se\/snurrigt\/wp-json\/wp\/v2\/types\/post"}],"author":[{"embeddable":true,"href":"https:\/\/vildavastra.se\/snurrigt\/wp-json\/wp\/v2\/users\/2"}],"replies":[{"embeddable":true,"href":"https:\/\/vildavastra.se\/snurrigt\/wp-json\/wp\/v2\/comments?post=5581"}],"version-history":[{"count":2,"href":"https:\/\/vildavastra.se\/snurrigt\/wp-json\/wp\/v2\/posts\/5581\/revisions"}],"predecessor-version":[{"id":5585,"href":"https:\/\/vildavastra.se\/snurrigt\/wp-json\/wp\/v2\/posts\/5581\/revisions\/5585"}],"wp:attachment":[{"href":"https:\/\/vildavastra.se\/snurrigt\/wp-json\/wp\/v2\/media?parent=5581"}],"wp:term":[{"taxonomy":"category","embeddable":true,"href":"https:\/\/vildavastra.se\/snurrigt\/wp-json\/wp\/v2\/categories?post=5581"},{"taxonomy":"post_tag","embeddable":true,"href":"https:\/\/vildavastra.se\/snurrigt\/wp-json\/wp\/v2\/tags?post=5581"}],"curies":[{"name":"wp","href":"https:\/\/api.w.org\/{rel}","templated":true}]}}