{"id":5583,"date":"2019-02-22T11:08:45","date_gmt":"2019-02-22T11:08:45","guid":{"rendered":"https:\/\/vildavastra.se\/snurrigt\/?p=5583"},"modified":"2019-02-22T11:09:16","modified_gmt":"2019-02-22T11:09:16","slug":"vindkraft-ar-varken-fornybar-hallbar-miljovanlig-eller-klimatsmart","status":"publish","type":"post","link":"https:\/\/vildavastra.se\/snurrigt\/2019\/02\/22\/vindkraft-ar-varken-fornybar-hallbar-miljovanlig-eller-klimatsmart\/","title":{"rendered":"Vindkraft \u00e4r varken f\u00f6rnybar, h\u00e5llbar, milj\u00f6v\u00e4nlig eller klimatsmart"},"content":{"rendered":"\n<p>\u201dAllting kan man s\u00e4lja med m\u00f6rdande reklam\u2026\u201d. I \u00e5rtionden har Svensk Vindenergi, med st\u00f6d av vissa politiska partier, bedrivit en grovt vilseledande marknadsf\u00f6ring av vindkraft. Den \u00e4r varken \u201df\u00f6rnybar\u201d, \u201dh\u00e5llbar\u201d, \u201dmilj\u00f6v\u00e4nlig\u201d, \u201dklimatsmart\u201d eller n\u00e5gon annan av de f\u00f6rsk\u00f6nande epitet som den f\u00f6rkl\u00e4s med. <\/p>\n\n\n\n<figure class=\"wp-block-image\"><img decoding=\"async\" src=\"https:\/\/bildix.mmcloud.se\/bildix\/api\/images\/19d328834af904e7cef8e7b34b583e00b8141b2a.jpg?fit=crop&amp;w=1200\" alt=\"Foto: Fredrik Sandberg\/TT\"\/><figcaption>Foto: Fredrik Sandberg\/TT<\/figcaption><\/figure>\n\n\n\n<p>I f\u00f6rh\u00e5llande till fossilfri k\u00e4rn- och vattenkraft kr\u00e4ver den mycket mer av icke-f\u00f6rnybara resurser, orsakar omfattande lokala milj\u00f6st\u00f6rningar och orsakar flera g\u00e5nger h\u00f6gre koldioxidutsl\u00e4pp. Men den \u00e4r dessutom funktionellt oerh\u00f6rt mycket s\u00e4mre. Till exempel kan k\u00e4rnkraft leverera energi och effekt p\u00e5 r\u00e4tt tid och r\u00e4tt plats i relation till efterfr\u00e5gan. Den kan fungera b\u00e5de som bas- och reglerkraft, verka n\u00e4tstabiliserande, producera och konsumera reaktiv effekt, etcetera. <\/p>\n\n\n\n<p><strong>Inget av detta<\/strong> klarar vindkraften och m\u00e5ste d\u00e4rf\u00f6r kompletteras med stora n\u00e4tombyggnader, ny balanskraft, med mera. Vindkraften kommer ocks\u00e5 att minska effektiviteten f\u00f6r vattenkraften och \u00f6verf\u00f6ringsn\u00e4tet, \u00f6ka turbinslitaget och stranderosionen genom stora och frekventa regleringar samt kraftigt \u00f6ka risken f\u00f6r stora skogsbr\u00e4nder. <\/p>\n\n\n\n<p>Att media aldrig synar bluffen \u00e4r en journalistisk skandal, vilket bidrar till att m\u00e4nniskor utan sakkunskap blir grundlurade (se till exempel den n\u00e5got f\u00f6rvirrade <a href=\"https:\/\/www.allehanda.se\/artikel\/insandare\/bra-vind-i-solleftea-kommun-vi-har-inte-rad-att-saga-nej-till-vindkraft\">ins\u00e4ndaren fr\u00e5n Mona Olsson<\/a>).<\/p>\n\n\n\n<p><strong>Ett vanligt<\/strong> p\u00e5st\u00e5ende \u00e4r att det bl\u00e5ser bra i Norrland men de b\u00e4sta vindf\u00f6rh\u00e5llandena finns l\u00e4ngs kusterna och i s\u00f6dra Sverige. Det kuperade skogslandskapet bromsar vinden och d\u00e4rf\u00f6r m\u00e5ste man \u00f6ka vindkraftverkens h\u00f6jd. Men h\u00f6gre verk inneb\u00e4r ocks\u00e5 \u00f6kade st\u00f6rningar av buller, blinkande ljus och f\u00f6r\u00e4ndrad landskapsbild. <\/p>\n\n\n\n<p>I kalkylerna anv\u00e4nds livsl\u00e4ngder p\u00e5 20\u201325 \u00e5r medan den verkliga bara \u00e4r cirka 15 \u00e5r. Det \u00f6kar antalet arbetstillf\u00e4llen men \u00e4r katastrofalt f\u00f6r vindkraftens redan d\u00e5liga ekonomi och f\u00f6r milj\u00f6n. Antalet arbetstillf\u00e4llen \u00f6verdrivs kraftigt av Vindval och Energimyndigheten och saknar st\u00f6d i deras egna utredningar. Alla miljarder som investeras h\u00e4r i regionen, f\u00f6r n\u00e5got som vi inte beh\u00f6ver, betalas till stor del av oss sj\u00e4lva och varje arbetstillf\u00e4lle kostar hundratals miljoner.<\/p>\n\n\n\n<p><strong>Enligt milj\u00f6balken<\/strong> kr\u00e4vs f\u00f6r tillst\u00e5nd av milj\u00f6st\u00f6rande verksamhet att det finns ett behov. I Norrland finns \u00f6verhuvudtaget inget behov av vindkraft; bara 40 procent av vattenkraftselen anv\u00e4nds i regionen. D\u00e4rmed faller politikernas tal om att vindkraften ger n\u00e4rproducerad el. Den m\u00e5ste skickas l\u00e5ngv\u00e4ga utanf\u00f6r landets gr\u00e4nser till reapris (mottagarl\u00e4nder som Danmark och Tyskland har inget behov av svensk vindkraft, d\u00e4remot av v\u00e5r k\u00e4rn- och vattenkraft). D\u00e5 uppst\u00e5r problemet med krav p\u00e5 ny \u00f6verf\u00f6ring. <\/p>\n\n\n\n<p>Milj\u00f6balken s\u00e4ger ocks\u00e5 att om det finns ett behov ska det byggas s\u00e5 att milj\u00f6konsekvenser och f\u00f6rluster minimeras. N\u00e4r det byggs i Norrland maximeras b\u00e5de milj\u00f6f\u00f6rst\u00f6ring och \u00f6verf\u00f6ringsf\u00f6rluster! Till en kostnad av ett par tusen miljarder byggs det nu ett funktionellt och milj\u00f6m\u00e4ssigt oerh\u00f6rt mycket s\u00e4mre elsystem \u00e4n det vi haft.<\/p>\n\n\n\n<p><strong>Per Fahl\u00e9n<\/strong><\/p>\n","protected":false},"excerpt":{"rendered":"<p>\u201dAllting kan man s\u00e4lja med m\u00f6rdande reklam\u2026\u201d. I \u00e5rtionden har Svensk Vindenergi, med st\u00f6d av vissa politiska partier, bedrivit en grovt vilseledande marknadsf\u00f6ring av vindkraft. Den \u00e4r varken \u201df\u00f6rnybar\u201d, \u201dh\u00e5llbar\u201d, \u201dmilj\u00f6v\u00e4nlig\u201d, \u201dklimatsmart\u201d eller n\u00e5gon annan av de f\u00f6rsk\u00f6nande epitet som den f\u00f6rkl\u00e4s med. I f\u00f6rh\u00e5llande till fossilfri k\u00e4rn- och vattenkraft kr\u00e4ver den mycket mer av &hellip; <\/p>\n<p class=\"link-more\"><a href=\"https:\/\/vildavastra.se\/snurrigt\/2019\/02\/22\/vindkraft-ar-varken-fornybar-hallbar-miljovanlig-eller-klimatsmart\/\" class=\"more-link\">Forts\u00e4tt l\u00e4sa<span class=\"screen-reader-text\"> \u201dVindkraft \u00e4r varken f\u00f6rnybar, h\u00e5llbar, milj\u00f6v\u00e4nlig eller klimatsmart\u201d<\/span><\/a><\/p>\n","protected":false},"author":2,"featured_media":0,"comment_status":"open","ping_status":"closed","sticky":false,"template":"","format":"standard","meta":{"footnotes":""},"categories":[1,35,6,7],"tags":[],"class_list":["post-5583","post","type-post","status-publish","format-standard","hentry","category-allmant","category-miljo","category-svensk-vindkraft","category-vindkraft-och-halsa"],"_links":{"self":[{"href":"https:\/\/vildavastra.se\/snurrigt\/wp-json\/wp\/v2\/posts\/5583","targetHints":{"allow":["GET"]}}],"collection":[{"href":"https:\/\/vildavastra.se\/snurrigt\/wp-json\/wp\/v2\/posts"}],"about":[{"href":"https:\/\/vildavastra.se\/snurrigt\/wp-json\/wp\/v2\/types\/post"}],"author":[{"embeddable":true,"href":"https:\/\/vildavastra.se\/snurrigt\/wp-json\/wp\/v2\/users\/2"}],"replies":[{"embeddable":true,"href":"https:\/\/vildavastra.se\/snurrigt\/wp-json\/wp\/v2\/comments?post=5583"}],"version-history":[{"count":1,"href":"https:\/\/vildavastra.se\/snurrigt\/wp-json\/wp\/v2\/posts\/5583\/revisions"}],"predecessor-version":[{"id":5584,"href":"https:\/\/vildavastra.se\/snurrigt\/wp-json\/wp\/v2\/posts\/5583\/revisions\/5584"}],"wp:attachment":[{"href":"https:\/\/vildavastra.se\/snurrigt\/wp-json\/wp\/v2\/media?parent=5583"}],"wp:term":[{"taxonomy":"category","embeddable":true,"href":"https:\/\/vildavastra.se\/snurrigt\/wp-json\/wp\/v2\/categories?post=5583"},{"taxonomy":"post_tag","embeddable":true,"href":"https:\/\/vildavastra.se\/snurrigt\/wp-json\/wp\/v2\/tags?post=5583"}],"curies":[{"name":"wp","href":"https:\/\/api.w.org\/{rel}","templated":true}]}}