{"id":5586,"date":"2019-02-22T11:00:07","date_gmt":"2019-02-22T11:00:07","guid":{"rendered":"https:\/\/vildavastra.se\/snurrigt\/?p=5586"},"modified":"2019-02-22T11:32:17","modified_gmt":"2019-02-22T11:32:17","slug":"oppet-brev-till-john-aberg-s-och-kerstin-franzen-m","status":"publish","type":"post","link":"https:\/\/vildavastra.se\/snurrigt\/2019\/02\/22\/oppet-brev-till-john-aberg-s-och-kerstin-franzen-m\/","title":{"rendered":"\u00d6ppet brev till John \u00c5berg (S) och Kerstin Franz\u00e9n (M)."},"content":{"rendered":"\n<p><a href=\"https:\/\/www.allehanda.se\/artikel\/insandare\/tomma-loften-om-att-inte-bevilja-nya-vindkraftparker?fbclid=IwAR26Rf45YsXiOHYCKvYm62apEoAsPRZpeVbrJMK8-oOhc66XqYUuZcCWVGw\">Ins\u00e4ndare i T\u00c5 Allehanda den 22 feb, 2019<\/a><\/p>\n\n\n\n<p>Inf\u00f6r valet 2018 fick ni en fr\u00e5ga om ni kunde lova att inga fler vindkraftparker skulle till\u00e5tas i Sollefte\u00e5 kommun.<\/p>\n\n\n\n<figure class=\"wp-block-image\"><img decoding=\"async\" src=\"https:\/\/bildix.mmcloud.se\/bildix\/api\/images\/9b606913-eb6b-4315-a98b-88a69b08e698.jpeg?fit=crop&amp;w=1200\" alt=\"Foto: TT\"\/><figcaption>Foto: TT<\/figcaption><\/figure>\n\n\n\n<p>John, du svarade bland annat &#8221;H\u00f6sten 2017 antogs en ny \u00f6versiktsplan f\u00f6r Sollefte\u00e5 kommun. D\u00e4r \u00e4r det tydligt att vi inte kommer att bevilja n\u00e5gra nya vindparker&#8221;,<\/p>\n\n\n\n<p><strong>Kerstin, du <\/strong>svarade bland annat &#8221;Moderaterna kommer inte att bevilja n\u00e5gra nya vindkraftparker&#8221;.<\/p>\n\n\n\n<p>Detta var tydliga svar utan n\u00e5gra \u201dVi vill arbeta f\u00f6r&#8230;\u201d eller \u201dV\u00e5r avsikt \u00e4r&#8230;\u201d.<\/p>\n\n\n\n<p>Inf\u00f6r Forscas planer p\u00e5 vindkraftparker i F\u00e4ngsj\u00f6n och Storsj\u00f6h\u00f6jden s\u00e5 \u00e4r l\u00e4get annorlunda. Enligt Allehanda tar Socialdemokraterna tydlig st\u00e4llning och s\u00e4ger ja till detta. Kerstin ber\u00e4ttar f\u00f6r Allehanda \u201dVi s\u00e4ger ja&#8230;\u201d.<\/p>\n\n\n\n<p><strong>Citaten ovan<\/strong> fr\u00e5n er \u00e4r h\u00e4mtade fr\u00e5n Allehanda, enligt min mening en trov\u00e4rdig k\u00e4lla, och jag f\u00f6ruts\u00e4tter att ni inte blivit felciterade av dem.<\/p>\n\n\n\n<p>Utifr\u00e5n mitt perspektiv inneb\u00e4r detta att era svar inf\u00f6r valet 2018 var tomma l\u00f6ften, eller rent av l\u00f6gner. Jag \u00e4r ocks\u00e5 r\u00e4dd att det \u00e4r precis s\u00e5dant som sp\u00e4r p\u00e5 politikerf\u00f6rakt. Med anledning av detta har jag tv\u00e5 fr\u00e5gest\u00e4llningar.<\/p>\n\n\n\n<p>Vad f\u00f6ranledde att ni gav dessa tomma l\u00f6ften?<\/p>\n\n\n\n<p>Hur ser ni generellt p\u00e5 f\u00f6rtroendevalda som avger tomma l\u00f6ften f\u00f6r att locka r\u00f6stber\u00e4ttigade att ge dem sina r\u00f6ster?<\/p>\n\n\n\n<p><strong>Mats Karlstr\u00f6m<\/strong><\/p>\n","protected":false},"excerpt":{"rendered":"<p>Ins\u00e4ndare i T\u00c5 Allehanda den 22 feb, 2019 Inf\u00f6r valet 2018 fick ni en fr\u00e5ga om ni kunde lova att inga fler vindkraftparker skulle till\u00e5tas i Sollefte\u00e5 kommun. John, du svarade bland annat &#8221;H\u00f6sten 2017 antogs en ny \u00f6versiktsplan f\u00f6r Sollefte\u00e5 kommun. D\u00e4r \u00e4r det tydligt att vi inte kommer att bevilja n\u00e5gra nya vindparker&#8221;, &hellip; <\/p>\n<p class=\"link-more\"><a href=\"https:\/\/vildavastra.se\/snurrigt\/2019\/02\/22\/oppet-brev-till-john-aberg-s-och-kerstin-franzen-m\/\" class=\"more-link\">Forts\u00e4tt l\u00e4sa<span class=\"screen-reader-text\"> \u201d\u00d6ppet brev till John \u00c5berg (S) och Kerstin Franz\u00e9n (M).\u201d<\/span><\/a><\/p>\n","protected":false},"author":2,"featured_media":0,"comment_status":"open","ping_status":"closed","sticky":false,"template":"","format":"standard","meta":{"footnotes":""},"categories":[1],"tags":[],"class_list":["post-5586","post","type-post","status-publish","format-standard","hentry","category-allmant"],"_links":{"self":[{"href":"https:\/\/vildavastra.se\/snurrigt\/wp-json\/wp\/v2\/posts\/5586","targetHints":{"allow":["GET"]}}],"collection":[{"href":"https:\/\/vildavastra.se\/snurrigt\/wp-json\/wp\/v2\/posts"}],"about":[{"href":"https:\/\/vildavastra.se\/snurrigt\/wp-json\/wp\/v2\/types\/post"}],"author":[{"embeddable":true,"href":"https:\/\/vildavastra.se\/snurrigt\/wp-json\/wp\/v2\/users\/2"}],"replies":[{"embeddable":true,"href":"https:\/\/vildavastra.se\/snurrigt\/wp-json\/wp\/v2\/comments?post=5586"}],"version-history":[{"count":1,"href":"https:\/\/vildavastra.se\/snurrigt\/wp-json\/wp\/v2\/posts\/5586\/revisions"}],"predecessor-version":[{"id":5587,"href":"https:\/\/vildavastra.se\/snurrigt\/wp-json\/wp\/v2\/posts\/5586\/revisions\/5587"}],"wp:attachment":[{"href":"https:\/\/vildavastra.se\/snurrigt\/wp-json\/wp\/v2\/media?parent=5586"}],"wp:term":[{"taxonomy":"category","embeddable":true,"href":"https:\/\/vildavastra.se\/snurrigt\/wp-json\/wp\/v2\/categories?post=5586"},{"taxonomy":"post_tag","embeddable":true,"href":"https:\/\/vildavastra.se\/snurrigt\/wp-json\/wp\/v2\/tags?post=5586"}],"curies":[{"name":"wp","href":"https:\/\/api.w.org\/{rel}","templated":true}]}}