{"id":5596,"date":"2019-02-23T00:06:19","date_gmt":"2019-02-23T00:06:19","guid":{"rendered":"https:\/\/vildavastra.se\/snurrigt\/?p=5596"},"modified":"2019-02-23T01:23:07","modified_gmt":"2019-02-23T01:23:07","slug":"5596","status":"publish","type":"post","link":"https:\/\/vildavastra.se\/snurrigt\/2019\/02\/23\/5596\/","title":{"rendered":"Elproblem i s\u00f6dra Sverige"},"content":{"rendered":"<p><img loading=\"lazy\" decoding=\"async\" class=\"alignnone size-medium wp-image-5599\" src=\"https:\/\/vildavastra.se\/snurrigt\/wp-content\/uploads\/2019\/02\/kabel-300x200.jpg\" alt=\"\" width=\"300\" height=\"200\" srcset=\"https:\/\/vildavastra.se\/snurrigt\/wp-content\/uploads\/2019\/02\/kabel-300x200.jpg 300w, https:\/\/vildavastra.se\/snurrigt\/wp-content\/uploads\/2019\/02\/kabel-768x512.jpg 768w, https:\/\/vildavastra.se\/snurrigt\/wp-content\/uploads\/2019\/02\/kabel.jpg 996w\" sizes=\"auto, (max-width: 300px) 100vw, 300px\" \/><\/p>\n<p><!--StartFragment--><\/p>\n\n\n<p><\/p>\n\n\n\n<p>Efter Barseb\u00e4ck b\u00f6rjade avvecklas 1999 av beslut fr\u00e5n S med st\u00f6d fr\u00e5n V och C, s\u00e5 m\u00e5ste en ny elf\u00f6rs\u00f6rjning gr\u00e4vas ned fr\u00e5n norr, f\u00f6r att f\u00f6rs\u00f6rja Sk\u00e5ne med kraft. Den s\u00e5 kallade &#8221;Sydv\u00e4stl\u00e4nken&#8221;. Det gick helt \u00e5t pipsv\u00e4ngen. Fortfarande \u00e5r 2019 har den inte kommit p\u00e5 plats. <a href=\"https:\/\/www.nyteknik.se\/bygg\/fortsatta-problem-for-sydvastlanken-6874892\">https:\/\/www.nyteknik.se\/bygg\/fortsatta-problem-for-sydvastlanken-6874892<\/a><\/p>\n\n\n\n<p>Det bl\u00e5ser inget i Sk\u00e5ne&#8230; Jo.  Det g\u00f6r det. Sj\u00e4lvklart borde Barseb\u00e4ck varit kvar. Uppdaterats med ny teknik allteftersom. Och tagits ur drift s\u00e5 snart minsta lilla problem uppst\u00e5tt, som i alla andra svenska k\u00e4rnkraftverk. <\/p>\n\n\n\n<p><strong>Lars Eric<\/strong><\/p>\n\n\n<p><!--EndFragment--><\/p>\n<p><\/p>","protected":false},"excerpt":{"rendered":"<p>Efter Barseb\u00e4ck b\u00f6rjade avvecklas 1999 av beslut fr\u00e5n S med st\u00f6d fr\u00e5n V och C, s\u00e5 m\u00e5ste en ny elf\u00f6rs\u00f6rjning gr\u00e4vas ned fr\u00e5n norr, f\u00f6r att f\u00f6rs\u00f6rja Sk\u00e5ne med kraft. Den s\u00e5 kallade &#8221;Sydv\u00e4stl\u00e4nken&#8221;. Det gick helt \u00e5t pipsv\u00e4ngen. Fortfarande \u00e5r 2019 har den inte kommit p\u00e5 plats. https:\/\/www.nyteknik.se\/bygg\/fortsatta-problem-for-sydvastlanken-6874892 Det bl\u00e5ser inget i Sk\u00e5ne&#8230; Jo. &hellip; <\/p>\n<p class=\"link-more\"><a href=\"https:\/\/vildavastra.se\/snurrigt\/2019\/02\/23\/5596\/\" class=\"more-link\">Forts\u00e4tt l\u00e4sa<span class=\"screen-reader-text\"> \u201dElproblem i s\u00f6dra Sverige\u201d<\/span><\/a><\/p>\n","protected":false},"author":1,"featured_media":0,"comment_status":"open","ping_status":"closed","sticky":false,"template":"","format":"standard","meta":{"footnotes":""},"categories":[1],"tags":[],"class_list":["post-5596","post","type-post","status-publish","format-standard","hentry","category-allmant"],"_links":{"self":[{"href":"https:\/\/vildavastra.se\/snurrigt\/wp-json\/wp\/v2\/posts\/5596","targetHints":{"allow":["GET"]}}],"collection":[{"href":"https:\/\/vildavastra.se\/snurrigt\/wp-json\/wp\/v2\/posts"}],"about":[{"href":"https:\/\/vildavastra.se\/snurrigt\/wp-json\/wp\/v2\/types\/post"}],"author":[{"embeddable":true,"href":"https:\/\/vildavastra.se\/snurrigt\/wp-json\/wp\/v2\/users\/1"}],"replies":[{"embeddable":true,"href":"https:\/\/vildavastra.se\/snurrigt\/wp-json\/wp\/v2\/comments?post=5596"}],"version-history":[{"count":12,"href":"https:\/\/vildavastra.se\/snurrigt\/wp-json\/wp\/v2\/posts\/5596\/revisions"}],"predecessor-version":[{"id":5609,"href":"https:\/\/vildavastra.se\/snurrigt\/wp-json\/wp\/v2\/posts\/5596\/revisions\/5609"}],"wp:attachment":[{"href":"https:\/\/vildavastra.se\/snurrigt\/wp-json\/wp\/v2\/media?parent=5596"}],"wp:term":[{"taxonomy":"category","embeddable":true,"href":"https:\/\/vildavastra.se\/snurrigt\/wp-json\/wp\/v2\/categories?post=5596"},{"taxonomy":"post_tag","embeddable":true,"href":"https:\/\/vildavastra.se\/snurrigt\/wp-json\/wp\/v2\/tags?post=5596"}],"curies":[{"name":"wp","href":"https:\/\/api.w.org\/{rel}","templated":true}]}}