{"id":5611,"date":"2019-02-27T12:54:00","date_gmt":"2019-02-27T12:54:00","guid":{"rendered":"https:\/\/vildavastra.se\/snurrigt\/?p=5611"},"modified":"2020-05-07T03:30:33","modified_gmt":"2020-05-07T03:30:33","slug":"solleftea-kn-sager-nej-till-fangsjo-storsjohojden","status":"publish","type":"post","link":"https:\/\/vildavastra.se\/snurrigt\/2019\/02\/27\/solleftea-kn-sager-nej-till-fangsjo-storsjohojden\/","title":{"rendered":"Sollefte\u00e5 kn s\u00e4ger NEJ till F\u00e4ngsj\u00f6\/Storsj\u00f6h\u00f6jden!"},"content":{"rendered":"\r\n<figure class=\"wp-block-image\"><img loading=\"lazy\" decoding=\"async\" width=\"1024\" height=\"512\" class=\"wp-image-5612\" src=\"https:\/\/vildavastra.se\/snurrigt\/wp-content\/uploads\/2019\/02\/a990862c-cd24-4c07-935d-3dfc6251e68e-1024x512.jpg\" alt=\"\" srcset=\"https:\/\/vildavastra.se\/snurrigt\/wp-content\/uploads\/2019\/02\/a990862c-cd24-4c07-935d-3dfc6251e68e-1024x512.jpg 1024w, https:\/\/vildavastra.se\/snurrigt\/wp-content\/uploads\/2019\/02\/a990862c-cd24-4c07-935d-3dfc6251e68e-300x150.jpg 300w, https:\/\/vildavastra.se\/snurrigt\/wp-content\/uploads\/2019\/02\/a990862c-cd24-4c07-935d-3dfc6251e68e-768x384.jpg 768w, https:\/\/vildavastra.se\/snurrigt\/wp-content\/uploads\/2019\/02\/a990862c-cd24-4c07-935d-3dfc6251e68e.jpg 1200w\" sizes=\"auto, (max-width: 767px) 89vw, (max-width: 1000px) 54vw, (max-width: 1071px) 543px, 580px\" \/>\r\n<figcaption>Fotomontage Forsca.<\/figcaption>\r\n<\/figure>\r\n\r\n\r\n\r\n<p>Sollefte\u00e5 s\u00e4ger nej till stor vindkraftspark \u2013 V\u00e4nsterpartiets beslut f\u00e4llde avg\u00f6randet.&#8221;Den politiska majoriteten i Sollefte\u00e5 s\u00e4ger nej till vindkraftverk\u00a0i F\u00e4ngsj\u00f6n och Storsj\u00f6h\u00f6jden.&#8221; <a href=\"https:\/\/www.allehanda.se\/artikel\/solleftea-kommun\/solleftea-sager-nej-till-stor-vindkraftspark-vansterpartiets-beslut-fallde-avgorandet-men-vi-stanger-inga-dorrar-i-framtiden?fbclid=IwAR1arBZsdqrlbw1661KnuBjjoQhIORWIZxFAQDR-uswTuSsVAjL2prsWhEw\">T\u00c5 Allehanda <\/a><\/p>\r\n\r\n\r\n\r\n<p>&#8221;Centerparitet och V\u00e4stra Initiativet har tidigare sagt nej till vindkraftverk i de tv\u00e5 stora omr\u00e5dena. Nu har V\u00e4nsterpartiet som hade en v\u00e5gm\u00e4starroll i fr\u00e5gan,\u00a0tagit st\u00e4llning och s\u00e4ger ocks\u00e5 nej.\u00a0&#8221; <a href=\"https:\/\/sverigesradio.se\/sida\/artikel.aspx?programid=110&amp;artikel=7163642&amp;fbclid=IwAR1OByzDvxK3L2EAhlbBYVe2C0ChRfR7-3tHxyUM8ftbizzn4n7oSYNIVNw\"> P4 V\u00e4sternorrland. <\/a><\/p>\r\n\r\n\r\n\r\n<p>Vilket gl\u00e4djebesked! Trots att n\u00e5gra av oss f\u00e5tt ett f\u00f6rhandsbesked om att V sagt nej till F\u00e4ngsj\u00f6\/Storsj\u00f6h\u00f6jden s\u00e5 blev (V):s officiella kommunik\u00e9 p\u00e5 kv\u00e4llen en enda stor happening av gl\u00e4dje, k\u00e4nslor och kontakter med v\u00e4nner och bekanta som ville dela gl\u00e4djen med varandra.<\/p>\r\n\r\n\r\n\r\n<p>Opinionen i Sollefte\u00e5 kommun ser ut att \u00e4ntligen ha sv\u00e4ngt mot den gigantiska vindkraftsexploatering som ffa det f\u00f6rra styret (S) \u00e4r ansvariga f\u00f6r. En verksamhet som f\u00f6rst\u00f6r v\u00e5r natur, v\u00e5r livsmilj\u00f6, samernas och m\u00e5nga m\u00e4nniskors liv p\u00e5 flera s\u00e4tt. En verksamhet som andra ska tj\u00e4na p\u00e5, men \u00e4r till ingen nytta f\u00f6r dem som bor h\u00e4r. En verksamhet som inte beh\u00f6vs!! En verksamhet som likt kolonialism utnyttjar Norrland och v\u00e5r natur f\u00f6r sina egna vinstsyften och andras behov.<\/p>\r\n\r\n\r\n\r\n<p>Vi som k\u00e4mpat i m\u00e5nga \u00e5r mot den h\u00e4r naturf\u00f6rst\u00f6relsen \u00e4r r\u00f6rda, lyckliga och ffa s\u00e5 oerh\u00f6rt tacksama till de politiker som lyssnade, f\u00f6rstod och hade modet att s\u00e4ga nej till denna storskaliga on\u00f6diga industri i v\u00e5r livsmilj\u00f6. TACK VI, C, V och SD f\u00f6r att ni beslutade med kunskap och hj\u00e4rta. Ni v\u00e5gade och vi vann.<\/p>\r\n\r\n\r\n\r\n<p>TACK ALLA!<\/p>\r\n<p>\/ Admin. och alla andra som deltagit i den n\u00e4ra \u00e5tta \u00e5r l\u00e5nga kampen.<\/p>\r\n\r\n\r\n<hr class=\"wp-block-separator\" \/>\r\n\r\n\r\n<p>&nbsp;<\/p>\r\n","protected":false},"excerpt":{"rendered":"<p>Sollefte\u00e5 s\u00e4ger nej till stor vindkraftspark \u2013 V\u00e4nsterpartiets beslut f\u00e4llde avg\u00f6randet.&#8221;Den politiska majoriteten i Sollefte\u00e5 s\u00e4ger nej till vindkraftverk\u00a0i F\u00e4ngsj\u00f6n och Storsj\u00f6h\u00f6jden.&#8221; T\u00c5 Allehanda &#8221;Centerparitet och V\u00e4stra Initiativet har tidigare sagt nej till vindkraftverk i de tv\u00e5 stora omr\u00e5dena. Nu har V\u00e4nsterpartiet som hade en v\u00e5gm\u00e4starroll i fr\u00e5gan,\u00a0tagit st\u00e4llning och s\u00e4ger ocks\u00e5 nej.\u00a0&#8221; P4 V\u00e4sternorrland. &hellip; <\/p>\n<p class=\"link-more\"><a href=\"https:\/\/vildavastra.se\/snurrigt\/2019\/02\/27\/solleftea-kn-sager-nej-till-fangsjo-storsjohojden\/\" class=\"more-link\">Forts\u00e4tt l\u00e4sa<span class=\"screen-reader-text\"> \u201dSollefte\u00e5 kn s\u00e4ger NEJ till F\u00e4ngsj\u00f6\/Storsj\u00f6h\u00f6jden!\u201d<\/span><\/a><\/p>\n","protected":false},"author":2,"featured_media":0,"comment_status":"open","ping_status":"closed","sticky":false,"template":"","format":"standard","meta":{"footnotes":""},"categories":[1,28,3],"tags":[],"class_list":["post-5611","post","type-post","status-publish","format-standard","hentry","category-allmant","category-fangsjo-storsjohojden","category-forsca"],"_links":{"self":[{"href":"https:\/\/vildavastra.se\/snurrigt\/wp-json\/wp\/v2\/posts\/5611","targetHints":{"allow":["GET"]}}],"collection":[{"href":"https:\/\/vildavastra.se\/snurrigt\/wp-json\/wp\/v2\/posts"}],"about":[{"href":"https:\/\/vildavastra.se\/snurrigt\/wp-json\/wp\/v2\/types\/post"}],"author":[{"embeddable":true,"href":"https:\/\/vildavastra.se\/snurrigt\/wp-json\/wp\/v2\/users\/2"}],"replies":[{"embeddable":true,"href":"https:\/\/vildavastra.se\/snurrigt\/wp-json\/wp\/v2\/comments?post=5611"}],"version-history":[{"count":5,"href":"https:\/\/vildavastra.se\/snurrigt\/wp-json\/wp\/v2\/posts\/5611\/revisions"}],"predecessor-version":[{"id":5979,"href":"https:\/\/vildavastra.se\/snurrigt\/wp-json\/wp\/v2\/posts\/5611\/revisions\/5979"}],"wp:attachment":[{"href":"https:\/\/vildavastra.se\/snurrigt\/wp-json\/wp\/v2\/media?parent=5611"}],"wp:term":[{"taxonomy":"category","embeddable":true,"href":"https:\/\/vildavastra.se\/snurrigt\/wp-json\/wp\/v2\/categories?post=5611"},{"taxonomy":"post_tag","embeddable":true,"href":"https:\/\/vildavastra.se\/snurrigt\/wp-json\/wp\/v2\/tags?post=5611"}],"curies":[{"name":"wp","href":"https:\/\/api.w.org\/{rel}","templated":true}]}}