{"id":5614,"date":"2019-03-05T13:54:16","date_gmt":"2019-03-05T13:54:16","guid":{"rendered":"https:\/\/vildavastra.se\/snurrigt\/?p=5614"},"modified":"2019-05-04T17:05:12","modified_gmt":"2019-05-04T17:05:12","slug":"flodins-utokade-vindkraftsplaner-for-lungsjon-ranasjon-och-salsjo","status":"publish","type":"post","link":"https:\/\/vildavastra.se\/snurrigt\/2019\/03\/05\/flodins-utokade-vindkraftsplaner-for-lungsjon-ranasjon-och-salsjo\/","title":{"rendered":"Flodins ut\u00f6kade vindkraftsplaner f\u00f6r Lungsj\u00f6n, Ranasj\u00f6n och Salsj\u00f6."},"content":{"rendered":"\r\n\r\n\r\n<p>Bifogade d\u00e5liga underlag skall, vad jag f\u00f6rst\u00e5r, anv\u00e4ndas vid Lungsj\u00f6-samr\u00e5det 7\/3 (f\u00f6r n\u00e4rboende och sak\u00e4gare). Kungjort i Ramselebladet ca en vecka f\u00f6re m\u00f6tet. \u00c4r det \u201di god tid\u201d, enligt Boverkets och Naturv\u00e5rdsverkets rekommendationer? <a href=\"https:\/\/vildavastra.se\/snurrigt\/wp-content\/uploads\/2019\/03\/Nalkullen-Flodin-1093-2019-4.1.pdf\">Nalkullen Flodin 1093-2019-4.1<\/a><\/p>\r\n<p>Mailet fr\u00e5n H-E Flodin till D. Yngsell avsl\u00f6jar bl.a. att i Ranasj\u00f6 och Salsj\u00f6 planeras det nu f\u00f6r verk s\u00e5 stora som 5-6 MW. Hur v\u00e5gar de (Flodin +Arise) om de inte har s\u00e4krat upp med kommun och l\u00e4nsstyrelse? N\u00e4r och hur var det t\u00e4nkt att de drabbade skulle f\u00e5 k\u00e4nnedom om dessa planer?\u00a0<\/p>\r\n<p>Mail fr\u00e5n Flodin till Yngsell (L\u00e4nsstyrelsen) <a href=\"https:\/\/vildavastra.se\/snurrigt\/wp-content\/uploads\/2019\/03\/1093-2019-4-Flodin-till-Ls.pdf\">1093-2019-4 Flodin till Ls<\/a><\/p>\r\n\r\n\r\n\r\n<p>\/Brita Isaksson<\/p>\r\n<p>(Beg\u00e4rda handlingar kommer fr\u00e5n L\u00e4nsstyrelsen)<\/p>\r\n","protected":false},"excerpt":{"rendered":"<p>Bifogade d\u00e5liga underlag skall, vad jag f\u00f6rst\u00e5r, anv\u00e4ndas vid Lungsj\u00f6-samr\u00e5det 7\/3 (f\u00f6r n\u00e4rboende och sak\u00e4gare). Kungjort i Ramselebladet ca en vecka f\u00f6re m\u00f6tet. \u00c4r det \u201di god tid\u201d, enligt Boverkets och Naturv\u00e5rdsverkets rekommendationer? Nalkullen Flodin 1093-2019-4.1 Mailet fr\u00e5n H-E Flodin till D. Yngsell avsl\u00f6jar bl.a. att i Ranasj\u00f6 och Salsj\u00f6 planeras det nu f\u00f6r verk &hellip; <\/p>\n<p class=\"link-more\"><a href=\"https:\/\/vildavastra.se\/snurrigt\/2019\/03\/05\/flodins-utokade-vindkraftsplaner-for-lungsjon-ranasjon-och-salsjo\/\" class=\"more-link\">Forts\u00e4tt l\u00e4sa<span class=\"screen-reader-text\"> \u201dFlodins ut\u00f6kade vindkraftsplaner f\u00f6r Lungsj\u00f6n, Ranasj\u00f6n och Salsj\u00f6.\u201d<\/span><\/a><\/p>\n","protected":false},"author":2,"featured_media":0,"comment_status":"open","ping_status":"closed","sticky":false,"template":"","format":"standard","meta":{"footnotes":""},"categories":[1,37,29,31],"tags":[],"class_list":["post-5614","post","type-post","status-publish","format-standard","hentry","category-allmant","category-nalkullen","category-ranasjoberget","category-salsjon"],"_links":{"self":[{"href":"https:\/\/vildavastra.se\/snurrigt\/wp-json\/wp\/v2\/posts\/5614","targetHints":{"allow":["GET"]}}],"collection":[{"href":"https:\/\/vildavastra.se\/snurrigt\/wp-json\/wp\/v2\/posts"}],"about":[{"href":"https:\/\/vildavastra.se\/snurrigt\/wp-json\/wp\/v2\/types\/post"}],"author":[{"embeddable":true,"href":"https:\/\/vildavastra.se\/snurrigt\/wp-json\/wp\/v2\/users\/2"}],"replies":[{"embeddable":true,"href":"https:\/\/vildavastra.se\/snurrigt\/wp-json\/wp\/v2\/comments?post=5614"}],"version-history":[{"count":1,"href":"https:\/\/vildavastra.se\/snurrigt\/wp-json\/wp\/v2\/posts\/5614\/revisions"}],"predecessor-version":[{"id":5621,"href":"https:\/\/vildavastra.se\/snurrigt\/wp-json\/wp\/v2\/posts\/5614\/revisions\/5621"}],"wp:attachment":[{"href":"https:\/\/vildavastra.se\/snurrigt\/wp-json\/wp\/v2\/media?parent=5614"}],"wp:term":[{"taxonomy":"category","embeddable":true,"href":"https:\/\/vildavastra.se\/snurrigt\/wp-json\/wp\/v2\/categories?post=5614"},{"taxonomy":"post_tag","embeddable":true,"href":"https:\/\/vildavastra.se\/snurrigt\/wp-json\/wp\/v2\/tags?post=5614"}],"curies":[{"name":"wp","href":"https:\/\/api.w.org\/{rel}","templated":true}]}}