{"id":5623,"date":"2019-03-07T08:51:11","date_gmt":"2019-03-07T08:51:11","guid":{"rendered":"https:\/\/vildavastra.se\/snurrigt\/?p=5623"},"modified":"2019-03-07T08:57:34","modified_gmt":"2019-03-07T08:57:34","slug":"ny-forening-stoppa-vindkraften-angermanland","status":"publish","type":"post","link":"https:\/\/vildavastra.se\/snurrigt\/2019\/03\/07\/ny-forening-stoppa-vindkraften-angermanland\/","title":{"rendered":"Ny f\u00f6rening &#8221;Stoppa vindkraften \u00c5ngermanland&#8221;"},"content":{"rendered":"<p>Hej alla!<\/p>\n<p>Jag har tidigare i denna grupp lite l\u00f6st kastat fram en intressef\u00f6rfr\u00e5gan om att bilda en f\u00f6rening i \u00c5ngermanland med syfte att arbeta systematiskt med opinionsbildning mot vindkraft. Nu blir den f\u00f6rfr\u00e5gan konkret!<\/p>\n<p>Jag och en bekant har lagt upp en hemsida som exempel p\u00e5 hur en s\u00e5dan f\u00f6renings ansikte ut\u00e5t skulle kunna se ut. Sidan l\u00e4nkas nedan. Allt p\u00e5 hemsidan \u00e4r exempel och det \u00e4r naturligtvis slutligen den f\u00f6rsta styrelsen i en bildad f\u00f6rening som avg\u00f6r det slutliga inneh\u00e5llet. Exempelsidan kommer ligga uppe en viss tid, men sedan plockas ned.<\/p>\n<p>Tanken \u00e4r att b\u00e5de privatpersoner och organisationer\/f\u00f6retag skall kunna vara medlemmar. Befintliga lokala f\u00f6reningar eller aktionsgrupper kan allts\u00e5 ansluta sig. Syftet \u00e4r att ge en plattform som samlar det motst\u00e5nd som redan finns idag, men som \u00e4r spritt och d\u00e4r ingen samordning sker p\u00e5 en mer allm\u00e4n opinionsbildande niv\u00e5. F\u00f6reningen ska ocks\u00e5 kunna vara ett st\u00f6d till lokala grupper, inte minst i kontakt med myndigheter och politiker. En hemsida av det h\u00e4r slaget blir ocks\u00e5 en slags referensbank \u00f6ver vad som h\u00e4nt och h\u00e4nder i v\u00e5rt landskap.<\/p>\n<p>Sidan \u00e4r med flit utformad, inklusive namnet &#8221;Stoppa Vindkraften \u00c5ngermanland&#8221;, s\u00e5 att konceptet ska kunna exporteras till andra landskap\/kommuner\/l\u00e4n\/annat. Tanken \u00e4r ocks\u00e5 att f\u00f6reningen skall s\u00f6ka medlemskap i <a href=\"http:\/\/landskapsskydd.se\/\">F\u00f6reningen Svenskt Landskapsskydd.<\/a><\/p>\n<p>F\u00f6r att komma ig\u00e5ng beh\u00f6ver vi vara minst 5 personer i en interimsstyrelse. En oro jag har \u00e4r att detta ska st\u00f6pa p\u00e5 att ni som \u00e4r intresserade k\u00e4nner att ett styrelseuppdrag skulle vara en arbetsbetungande uppgift. Det beh\u00f6ver ni inte g\u00f6ra. N\u00e4r en s\u00e5dan h\u00e4r f\u00f6rening v\u00e4l \u00e4r ig\u00e5ng, s\u00e5 kommer den alltid i sitt arbete ut\u00e5t drivas av de medlemmar som f\u00f6r stunden har ork och lust att driva fr\u00e5gor. T.ex. skriva ins\u00e4ndare eller delta i lokala debatter. Idealt s\u00e5 sk\u00f6ter styrelsen medlemsregistret och kallar till \u00e5rsm\u00f6te. I \u00f6vrigt \u00e4r arbetet &#8221;utlokaliserat&#8221; p\u00e5 de medlemmar som vill, kan och har kunskap just p\u00e5 det omr\u00e5de de vill ta sig an. F\u00f6reningen har inte ett socialt syfte (\u00e4ven om det ena inte utesluter det andra) och inte heller som m\u00e5ls\u00e4ttning att tillvarata sina medlemmars intressen. Utan m\u00e5let \u00e4r att stoppa vindkraftsutbyggnaden i \u00c5ngermanland genom att bedriva ett s\u00e5 gott opinionsarbete i varje \u00f6gonblick som medlemmarna f\u00f6r tillf\u00e4llet har m\u00f6jlighet att g\u00f6ra.<\/p>\n<p>Tanken \u00e4r att medlemskap skall vara kostnadsfritt. Inga postutskick till medlemmar. S\u00e5dan kontakt ers\u00e4ttes med email och sms. 2 anm\u00e4lda frivilliga till en interimsstyrelse finns, varav jag \u00e4r en. I praktiken beh\u00f6vs allts\u00e5 endast 3 personer till, \u00e4ven om det f\u00f6rst\u00e5s vore mycket \u00f6nskv\u00e4rt och gl\u00e4djande med fler \u00e4n s\u00e5. Finns 5 personer s\u00e5 kan man ha ett bildandem\u00f6te, varefter f\u00f6reningen kan registreras hos Skatteverket och erh\u00e5lla ett organisationsnummer.<\/p>\n<p>Medlemsrekrytering kan d\u00e5 p\u00e5b\u00f6rjas omg\u00e5ende. Vid bildandem\u00f6tet antas f\u00f6reningens stadgar och n\u00e4rvarande utser sig till interimsstyrelse. Efter f\u00f6rsta \u00e5rsm\u00f6tet f\u00e5r f\u00f6reningen en &#8221;riktig&#8221; styrelse (=vald av medlemmarna). Det h\u00e4r beh\u00f6ver inte vara en l\u00e5ng och kr\u00e5nglig process. Kan vi f\u00e5 tillr\u00e4ckligt med folk till en interimsstyrelse s\u00e5 beh\u00f6ver ett bildande inte vara mer \u00e4n n\u00e5gon m\u00e5nad bort.<\/p>\n<p>Jag n\u00e5s p\u00e5 messenger, email [sven.valerio.ets@gmail.com] eller telefon (070-214 90 60). Tveka inte att ta kontakt om intresse finns. All typ av feedback p\u00e5 &#8221;konceptet&#8221; \u00e4r ocks\u00e5 mycket bra att redan fr\u00e5n start lufta offentligt. Skriv d\u00e4rf\u00f6r g\u00e4rna i kommentarerna synpunkter.<\/p>\n<p>\/ Sven Valerio<\/p>\n<p>Hemsida : <a href=\"https:\/\/stoppavindkraften.webnode.se\/\">https:\/\/stoppavindkraften.webnode.se\/<\/a><\/p>\n","protected":false},"excerpt":{"rendered":"<p>Hej alla! Jag har tidigare i denna grupp lite l\u00f6st kastat fram en intressef\u00f6rfr\u00e5gan om att bilda en f\u00f6rening i \u00c5ngermanland med syfte att arbeta systematiskt med opinionsbildning mot vindkraft. Nu blir den f\u00f6rfr\u00e5gan konkret! Jag och en bekant har lagt upp en hemsida som exempel p\u00e5 hur en s\u00e5dan f\u00f6renings ansikte ut\u00e5t skulle kunna &hellip; <\/p>\n<p class=\"link-more\"><a href=\"https:\/\/vildavastra.se\/snurrigt\/2019\/03\/07\/ny-forening-stoppa-vindkraften-angermanland\/\" class=\"more-link\">Forts\u00e4tt l\u00e4sa<span class=\"screen-reader-text\"> \u201dNy f\u00f6rening &#8221;Stoppa vindkraften \u00c5ngermanland&#8221;\u201d<\/span><\/a><\/p>\n","protected":false},"author":2,"featured_media":0,"comment_status":"open","ping_status":"closed","sticky":false,"template":"","format":"standard","meta":{"footnotes":""},"categories":[36,1],"tags":[],"class_list":["post-5623","post","type-post","status-publish","format-standard","hentry","category-stoppa-vindkraften-angermanland","category-allmant"],"_links":{"self":[{"href":"https:\/\/vildavastra.se\/snurrigt\/wp-json\/wp\/v2\/posts\/5623","targetHints":{"allow":["GET"]}}],"collection":[{"href":"https:\/\/vildavastra.se\/snurrigt\/wp-json\/wp\/v2\/posts"}],"about":[{"href":"https:\/\/vildavastra.se\/snurrigt\/wp-json\/wp\/v2\/types\/post"}],"author":[{"embeddable":true,"href":"https:\/\/vildavastra.se\/snurrigt\/wp-json\/wp\/v2\/users\/2"}],"replies":[{"embeddable":true,"href":"https:\/\/vildavastra.se\/snurrigt\/wp-json\/wp\/v2\/comments?post=5623"}],"version-history":[{"count":5,"href":"https:\/\/vildavastra.se\/snurrigt\/wp-json\/wp\/v2\/posts\/5623\/revisions"}],"predecessor-version":[{"id":5629,"href":"https:\/\/vildavastra.se\/snurrigt\/wp-json\/wp\/v2\/posts\/5623\/revisions\/5629"}],"wp:attachment":[{"href":"https:\/\/vildavastra.se\/snurrigt\/wp-json\/wp\/v2\/media?parent=5623"}],"wp:term":[{"taxonomy":"category","embeddable":true,"href":"https:\/\/vildavastra.se\/snurrigt\/wp-json\/wp\/v2\/categories?post=5623"},{"taxonomy":"post_tag","embeddable":true,"href":"https:\/\/vildavastra.se\/snurrigt\/wp-json\/wp\/v2\/tags?post=5623"}],"curies":[{"name":"wp","href":"https:\/\/api.w.org\/{rel}","templated":true}]}}