{"id":5630,"date":"2019-03-07T18:28:49","date_gmt":"2019-03-07T18:28:49","guid":{"rendered":"https:\/\/vildavastra.se\/snurrigt\/?p=5630"},"modified":"2019-03-09T05:09:10","modified_gmt":"2019-03-09T05:09:10","slug":"fornybar-energi-ett-felaktigt-begrepp-som-varken-ar-vetenskapligt-eller-exakt","status":"publish","type":"post","link":"https:\/\/vildavastra.se\/snurrigt\/2019\/03\/07\/fornybar-energi-ett-felaktigt-begrepp-som-varken-ar-vetenskapligt-eller-exakt\/","title":{"rendered":"F\u00f6rnybar energi \u2013 ett felaktigt begrepp som varken \u00e4r vetenskapligt eller exakt"},"content":{"rendered":"<p>&nbsp;<\/p>\n<figure id=\"attachment_5631\" aria-describedby=\"caption-attachment-5631\" style=\"width: 525px\" class=\"wp-caption aligncenter\"><img loading=\"lazy\" decoding=\"async\" class=\"wp-image-5631 size-large\" src=\"https:\/\/vildavastra.se\/snurrigt\/wp-content\/uploads\/2019\/03\/32e4bac4-7b77-44b2-8fe9-4991988f9837-1024x575.jpg\" alt=\"\" width=\"525\" height=\"295\" srcset=\"https:\/\/vildavastra.se\/snurrigt\/wp-content\/uploads\/2019\/03\/32e4bac4-7b77-44b2-8fe9-4991988f9837-1024x575.jpg 1024w, https:\/\/vildavastra.se\/snurrigt\/wp-content\/uploads\/2019\/03\/32e4bac4-7b77-44b2-8fe9-4991988f9837-300x169.jpg 300w, https:\/\/vildavastra.se\/snurrigt\/wp-content\/uploads\/2019\/03\/32e4bac4-7b77-44b2-8fe9-4991988f9837-768x431.jpg 768w, https:\/\/vildavastra.se\/snurrigt\/wp-content\/uploads\/2019\/03\/32e4bac4-7b77-44b2-8fe9-4991988f9837.jpg 1200w\" sizes=\"auto, (max-width: 525px) 100vw, 525px\" \/><figcaption id=\"caption-attachment-5631\" class=\"wp-caption-text\">Vindkraften kr\u00e4ver stora m\u00e4ngder betong och st\u00e5l till fundamenten, skriver signaturen Nathan Leroy. Foto: Arkiv<\/figcaption><\/figure>\n<p>Sollefte\u00e5 kommun har satsat p\u00e5 vindkraft och har <a href=\"https:\/\/www.facebook.com\/Vindkraftsgenerator\/\">personal som f\u00f6rel\u00e4ser<\/a> p\u00e5 skolorna fr\u00e4mst om f\u00f6rnybara energik\u00e4llor.<\/p>\n<p>Jag s\u00e5g en bild som visade p\u00e5 100 % f\u00f6rnybart. Det ser bra ut som slogan, men \u00e4r helt fel i verkligheten.<\/p>\n<p>Uttrycket &#8221;f\u00f6rnybar energi&#8221; \u00e4r s\u00e5 flummigt att en rad finl\u00e4ndska forskare startat en kritisk diskussion i \u00e4mnet.<\/p>\n<p>Vi som har haft energin som yrke har l\u00e4nge ifr\u00e5gasatt begreppet men det har fastnat hos de som l\u00e4ser i media eller lyssnar p\u00e5 politiker som om det vore vetenskap. Begreppet f\u00f6rnybar energi \u00e4r felaktigt p\u00e5 flera s\u00e4tt. Det \u00e4r inte vetenskapligt och inte exakt.<\/p>\n<p>Politiker och debatt\u00f6rer anv\u00e4nder det som en sanning och inkluderar en m\u00e4ngd energik\u00e4llor av olika typ i det. Som solenergi, vindkraft, geotermi, biobr\u00e4nslen av m\u00e5nga olika slag, vattenkraft, v\u00e5gkraft och tidvattenkraft. Ibland r\u00e4knas \u00e4ven avfallsf\u00f6rbr\u00e4nning som f\u00f6rnybar, trots att avfallet prim\u00e4rt kan h\u00e4rstamma fr\u00e5n fossila br\u00e4nslen.<\/p>\n<p>F\u00f6r att se vilka energislag som \u00e4r fossilfria och f\u00f6rnybara m\u00e5ste vi se produktionen under hela livscykeln och se hur mycket material och energi som f\u00f6rbrukas.<\/p>\n<p>Biobr\u00e4nslen \u00e4r inte fossilfria och inte f\u00f6rnybara. Om vi skulle anv\u00e4nda skogsr\u00e5vara s\u00e5 tar \u00e5terv\u00e4xten s\u00e5 l\u00e5ng tid att det inte kan ses anv\u00e4ndbart. Ett tr\u00e4d ska v\u00e4xa minst 50\u201360 \u00e5r och det \u00e4r inte f\u00f6rnybart. Sedan anv\u00e4nds stora m\u00e4ngder fossilt br\u00e4nsle under framst\u00e4llningen.<\/p>\n<p>Solkraften som \u00e4r mycket popul\u00e4r kr\u00e4ver mest material om man r\u00e4knar per producerad energienhet. Stora m\u00e4ngder st\u00e5l, cement och glas men \u00e4ven betydande m\u00e4ngder av s\u00e4llsynta jordmetaller som g\u00f6ms i kategorin annat. Vattenkraften kr\u00e4ver mycket betong till dammarna men \u00e4r den k\u00e4lla som kommer n\u00e4rmast \u201df\u00f6rnybar\u201d.<\/p>\n<p>Vindkraften kr\u00e4ver stora m\u00e4ngder betong och st\u00e5l till fundamenten. Ser man till den skog som sk\u00f6vlas och alla v\u00e4gar som skall byggas, ledningar skall gr\u00e4vas ned, fossil energi vid tillverkningen av tornen i Kina, kort livsl\u00e4ngd och os\u00e4ker leverans av el s\u00e5 \u00e4r vindkraften den som ger minst om man st\u00e4ller produktion mot negativ milj\u00f6p\u00e5verkan.<\/p>\n<p>Det material som anv\u00e4nds \u00e4r inte f\u00f6rnybart och uttrycket \u00e4r direkt vilseledande.<\/p>\n<p>Vidare kr\u00e4ver b\u00e5de sol och vindkraft alternativ elproduktion f\u00f6r att t\u00e4cka upp n\u00e4r den inte producerar.<\/p>\n<p>Om beslutande politiker skulle s\u00e4tta sig in i verkligheten skulle vi inte ha vindkraft. Vi skulle inte s\u00e4lja ut v\u00e5r natur till kolkraften p\u00e5 kontinenten. D\u00e5 skulle vi inte har kolkraft i eluttaget. Men de lyssnar endast p\u00e5 det de vill h\u00f6ra. Det \u00e4r anm\u00e4rkningsv\u00e4rt att v\u00e5ra ungdomar ska lyssna till en okunnig f\u00f6rel\u00e4sare som \u00e4r knuten till vindkraften.<\/p>\n<p>\/ Nathan Leroy<\/p>\n<p><a href=\"https:\/\/www.allehanda.se\/artikel\/insandare\/insandare-fornybar-energi-ett-felaktigt-begrepp-som-varken-ar-vetenskapligt-eller-exakt\">Ins\u00e4ndare i T\u00c5 Allehanda<\/a> den 5 mars 2019<\/p>\n","protected":false},"excerpt":{"rendered":"<p>&nbsp; Sollefte\u00e5 kommun har satsat p\u00e5 vindkraft och har personal som f\u00f6rel\u00e4ser p\u00e5 skolorna fr\u00e4mst om f\u00f6rnybara energik\u00e4llor. Jag s\u00e5g en bild som visade p\u00e5 100 % f\u00f6rnybart. Det ser bra ut som slogan, men \u00e4r helt fel i verkligheten. Uttrycket &#8221;f\u00f6rnybar energi&#8221; \u00e4r s\u00e5 flummigt att en rad finl\u00e4ndska forskare startat en kritisk diskussion &hellip; <\/p>\n<p class=\"link-more\"><a href=\"https:\/\/vildavastra.se\/snurrigt\/2019\/03\/07\/fornybar-energi-ett-felaktigt-begrepp-som-varken-ar-vetenskapligt-eller-exakt\/\" class=\"more-link\">Forts\u00e4tt l\u00e4sa<span class=\"screen-reader-text\"> \u201dF\u00f6rnybar energi \u2013 ett felaktigt begrepp som varken \u00e4r vetenskapligt eller exakt\u201d<\/span><\/a><\/p>\n","protected":false},"author":2,"featured_media":0,"comment_status":"open","ping_status":"closed","sticky":false,"template":"","format":"standard","meta":{"footnotes":""},"categories":[6],"tags":[],"class_list":["post-5630","post","type-post","status-publish","format-standard","hentry","category-svensk-vindkraft"],"_links":{"self":[{"href":"https:\/\/vildavastra.se\/snurrigt\/wp-json\/wp\/v2\/posts\/5630","targetHints":{"allow":["GET"]}}],"collection":[{"href":"https:\/\/vildavastra.se\/snurrigt\/wp-json\/wp\/v2\/posts"}],"about":[{"href":"https:\/\/vildavastra.se\/snurrigt\/wp-json\/wp\/v2\/types\/post"}],"author":[{"embeddable":true,"href":"https:\/\/vildavastra.se\/snurrigt\/wp-json\/wp\/v2\/users\/2"}],"replies":[{"embeddable":true,"href":"https:\/\/vildavastra.se\/snurrigt\/wp-json\/wp\/v2\/comments?post=5630"}],"version-history":[{"count":6,"href":"https:\/\/vildavastra.se\/snurrigt\/wp-json\/wp\/v2\/posts\/5630\/revisions"}],"predecessor-version":[{"id":5637,"href":"https:\/\/vildavastra.se\/snurrigt\/wp-json\/wp\/v2\/posts\/5630\/revisions\/5637"}],"wp:attachment":[{"href":"https:\/\/vildavastra.se\/snurrigt\/wp-json\/wp\/v2\/media?parent=5630"}],"wp:term":[{"taxonomy":"category","embeddable":true,"href":"https:\/\/vildavastra.se\/snurrigt\/wp-json\/wp\/v2\/categories?post=5630"},{"taxonomy":"post_tag","embeddable":true,"href":"https:\/\/vildavastra.se\/snurrigt\/wp-json\/wp\/v2\/tags?post=5630"}],"curies":[{"name":"wp","href":"https:\/\/api.w.org\/{rel}","templated":true}]}}