{"id":5696,"date":"2019-04-26T15:37:51","date_gmt":"2019-04-26T15:37:51","guid":{"rendered":"https:\/\/vildavastra.se\/snurrigt\/?p=5696"},"modified":"2019-04-26T15:39:45","modified_gmt":"2019-04-26T15:39:45","slug":"lat-oss-satsa-pa-andra-energilosningar-an-landvindkraft-och-radda-sveriges-natur","status":"publish","type":"post","link":"https:\/\/vildavastra.se\/snurrigt\/2019\/04\/26\/lat-oss-satsa-pa-andra-energilosningar-an-landvindkraft-och-radda-sveriges-natur\/","title":{"rendered":"L\u00e5t oss satsa p\u00e5 andra energil\u00f6sningar \u00e4n landvindkraft, och r\u00e4dda Sveriges natur!"},"content":{"rendered":"<p><img loading=\"lazy\" decoding=\"async\" class=\"aligncenter size-large wp-image-5156\" src=\"https:\/\/vildavastra.se\/snurrigt\/wp-content\/uploads\/2018\/02\/Stugusj\u00f6n-1024x394.png\" alt=\"\" width=\"525\" height=\"202\" srcset=\"https:\/\/vildavastra.se\/snurrigt\/wp-content\/uploads\/2018\/02\/Stugusj\u00f6n-1024x394.png 1024w, https:\/\/vildavastra.se\/snurrigt\/wp-content\/uploads\/2018\/02\/Stugusj\u00f6n-300x115.png 300w, https:\/\/vildavastra.se\/snurrigt\/wp-content\/uploads\/2018\/02\/Stugusj\u00f6n-768x295.png 768w, https:\/\/vildavastra.se\/snurrigt\/wp-content\/uploads\/2018\/02\/Stugusj\u00f6n.png 1243w\" sizes=\"auto, (max-width: 525px) 100vw, 525px\" \/><\/p>\n<p>Det \u00e4r v\u00e5r uppgift att bevara svensk natur \u00e5t barn och barnbarn, sade statsministern i regeringsf\u00f6rklaringen den 21 januari. Att han i ord lyfter naturens v\u00e4rde \u00e4r bra. Men det \u00e4r tr\u00e5kigt n\u00e4r natur, landsbygd och milj\u00f6 i praktiken \u00e5terkommande nedprioriteras. Vi syftar p\u00e5 vindkraftsutbyggnaden, som blivit ett av v\u00e5ra stora milj\u00f6hot. Berg efter berg f\u00f6r\u00f6ds idag.<\/p>\n<p>Likv\u00e4l presenterar sig vindkraftens f\u00f6retr\u00e4dare i ett halsbrytande lappkast som milj\u00f6ns f\u00f6rsvarare, med h\u00e4nvisning till koldioxiden. Man har f\u00e5ngat upp st\u00e4mningarna fr\u00e5n 70-talet, d\u00e5 enskilda vindkraft-entusiaster exploaterade vinden hemma p\u00e5 g\u00e5rden. D\u00e4rifr\u00e5n har ambitionerna successivt \u00f6kat till vindkraftparker i industriell skala uppe p\u00e5 bergen, enligt en logik som brukar ben\u00e4mnas \u201dDe sm\u00e5 stegens tyranni\u201d.<\/p>\n<p>Kan n\u00e5got stoppa detta? Kanske. Vi befinner oss i en fas av politisk instabilitet, med en skakig regeringsbildning. Paradigm kan skifta. Nya energisamtal v\u00e4ntar. Naturen har m\u00e5nga v\u00e4nner.<\/p>\n<p>De tidiga generationernas vindkraftverk d\u00f6r nu sotd\u00f6den genom bristande l\u00f6nsamhet. Men l\u00e5t oss dessutom ompr\u00f6va och ifr\u00e5gas\u00e4tta de i Energi\u00f6verenskommelsen \u00f6verenskomna 15-\u00e5riga subventionerna genom elcertifikat. Vindkraften \u00e4r ju nu sj\u00e4lvb\u00e4rande, enligt branschen. L\u00e5t oss d\u00e5 hoppas att n\u00e5gra partier nu g\u00e5r f\u00f6re, och verkar f\u00f6r en s\u00e5dan reform. Politiken best\u00e4mmer \u00f6ver subventionerna. Det vill s\u00e4ga vi alla.<\/p>\n<p>Vi kan f\u00e5 en energipolitisk omorientering. L och SD st\u00e5r redan utanf\u00f6r Energi\u00f6verenskommelsen. M och Kd har nu \u00e5ter \u00f6ppnat f\u00f6r k\u00e4rnkraft. Vem tar t\u00e4ten, st\u00e4ller sig upp och viftar med flaggan? Blir hj\u00e4lte f\u00f6r en del \u2013 och paria f\u00f6r andra. F\u00f6r oss som tror p\u00e5 civilitet vinner hj\u00e4ltarna.<\/p>\n<p>I maj har vi EU-val. \u00c4ven energifr\u00e5gan b\u00f6r nu av partierna hanteras i ett EU-sammanhang. \u00d6desfr\u00e5ga s\u00e4ger n\u00e5gon. G\u00f6r d\u00e5 naturen och vindkraften till en tydlig valfr\u00e5ga i EU-valet! Sl\u00e4pp storstadsfokus. L\u00e5t r\u00e5det till v\u00e4ljarna bli att t\u00e4nka p\u00e5 Sveriges natur och v\u00e5ra barn, n\u00e4r du l\u00e4gger din r\u00f6st.<br \/>\nInvesteringsviljan vad g\u00e4ller vindkraft \u00e4r k\u00e4nslig. P\u00e5 70-talet lyckades k\u00e4rnkraftsmotst\u00e5ndarna efter en politisk kampanj n\u00e4stan v\u00e4nda opinionen och kn\u00e4cka k\u00e4rnkraften. I ett nytt politiskt klimat kan k\u00e4rnkraften f\u00f6rl\u00e4ngas\/f\u00f6rnyas, vilket leder till s\u00e4mre l\u00f6nsamhet f\u00f6r vindkraften. Men b\u00e4ttre f\u00f6r v\u00e5r elberoende industri! Det var beslutskraften hos en industriv\u00e4nlig socialdemokrati \u2013 f\u00f6re MP-samarbetet \u2013 som banade v\u00e4g f\u00f6r k\u00e4rnkraften f\u00f6rra g\u00e5ngen, till gagn f\u00f6r v\u00e5r industriella utveckling.<\/p>\n<p>Europeiska pensions- och andra fonder utg\u00f6r de viktigaste finansi\u00e4rerna vid vindkraftinvesteringar. Dessa uppfattar idag att svensk vindkraft \u00e4r trygga investeringar. Hum\u00f6ret skulle s\u00e4nkas v\u00e4sentligt vid minskad generositet vad g\u00e4ller subventioner f\u00f6r vindkraft i Sverige. Kritiken mot vindkraften \u00e4r stark bland naturv\u00e4nner \u00f6ver hela Europa. N\u00e4r n\u00e5r vi en \u201dtipping point\u201d i folkopinionen?<\/p>\n<p>\u00c4ven f\u00f6r den som inte tycker om k\u00e4rnkraft, finns det icke milj\u00f6skadliga alternativ till vindkraft p\u00e5 bergen \u2013 som havsvindkraft l\u00e5ngt fr\u00e5n kustlinjen, solenergi och biokraftv\u00e4rme, f\u00f6r att n\u00e4mna n\u00e5gra. Gynnsammare villkor f\u00f6r anslutning av havsvindkraft, diskuteras nu. Det \u00e4r klokt. L\u00e5t oss satsa p\u00e5 andra energil\u00f6sningar \u00e4n landvindkraft, och r\u00e4dda Sveriges natur!<\/p>\n<p>\u201dEtt ansvarsl\u00f6st f\u00f6rslag\u201d \u00e4r vad vindkraftens intressenter kommer att s\u00e4ga. V\u00e5r replik blir: \u201dVi v\u00e4rnar naturen &#8211; ni f\u00f6r\u00f6der den.\u201d<\/p>\n<p><em>Jan Hedman<\/em><br \/>\nOrdf\u00f6rande <a href=\"http:\/\/landskapsskydd.se\/\">F\u00f6reningen Svenskt Landskapsskydd &#8211; FSL<\/a><\/p>\n<p><em>Henrik Wachtmeister<\/em><br \/>\nVice ordf\u00f6rande FSL<\/p>\n","protected":false},"excerpt":{"rendered":"<p>Det \u00e4r v\u00e5r uppgift att bevara svensk natur \u00e5t barn och barnbarn, sade statsministern i regeringsf\u00f6rklaringen den 21 januari. Att han i ord lyfter naturens v\u00e4rde \u00e4r bra. Men det \u00e4r tr\u00e5kigt n\u00e4r natur, landsbygd och milj\u00f6 i praktiken \u00e5terkommande nedprioriteras. Vi syftar p\u00e5 vindkraftsutbyggnaden, som blivit ett av v\u00e5ra stora milj\u00f6hot. Berg efter berg &hellip; <\/p>\n<p class=\"link-more\"><a href=\"https:\/\/vildavastra.se\/snurrigt\/2019\/04\/26\/lat-oss-satsa-pa-andra-energilosningar-an-landvindkraft-och-radda-sveriges-natur\/\" class=\"more-link\">Forts\u00e4tt l\u00e4sa<span class=\"screen-reader-text\"> \u201dL\u00e5t oss satsa p\u00e5 andra energil\u00f6sningar \u00e4n landvindkraft, och r\u00e4dda Sveriges natur!\u201d<\/span><\/a><\/p>\n","protected":false},"author":2,"featured_media":0,"comment_status":"open","ping_status":"closed","sticky":false,"template":"","format":"standard","meta":{"footnotes":""},"categories":[4,35,6],"tags":[],"class_list":["post-5696","post","type-post","status-publish","format-standard","hentry","category-fsl","category-miljo","category-svensk-vindkraft"],"_links":{"self":[{"href":"https:\/\/vildavastra.se\/snurrigt\/wp-json\/wp\/v2\/posts\/5696","targetHints":{"allow":["GET"]}}],"collection":[{"href":"https:\/\/vildavastra.se\/snurrigt\/wp-json\/wp\/v2\/posts"}],"about":[{"href":"https:\/\/vildavastra.se\/snurrigt\/wp-json\/wp\/v2\/types\/post"}],"author":[{"embeddable":true,"href":"https:\/\/vildavastra.se\/snurrigt\/wp-json\/wp\/v2\/users\/2"}],"replies":[{"embeddable":true,"href":"https:\/\/vildavastra.se\/snurrigt\/wp-json\/wp\/v2\/comments?post=5696"}],"version-history":[{"count":2,"href":"https:\/\/vildavastra.se\/snurrigt\/wp-json\/wp\/v2\/posts\/5696\/revisions"}],"predecessor-version":[{"id":5698,"href":"https:\/\/vildavastra.se\/snurrigt\/wp-json\/wp\/v2\/posts\/5696\/revisions\/5698"}],"wp:attachment":[{"href":"https:\/\/vildavastra.se\/snurrigt\/wp-json\/wp\/v2\/media?parent=5696"}],"wp:term":[{"taxonomy":"category","embeddable":true,"href":"https:\/\/vildavastra.se\/snurrigt\/wp-json\/wp\/v2\/categories?post=5696"},{"taxonomy":"post_tag","embeddable":true,"href":"https:\/\/vildavastra.se\/snurrigt\/wp-json\/wp\/v2\/tags?post=5696"}],"curies":[{"name":"wp","href":"https:\/\/api.w.org\/{rel}","templated":true}]}}