{"id":5700,"date":"2019-05-03T04:29:46","date_gmt":"2019-05-03T04:29:46","guid":{"rendered":"https:\/\/vildavastra.se\/snurrigt\/?p=5700"},"modified":"2019-05-05T05:07:15","modified_gmt":"2019-05-05T05:07:15","slug":"miljoprovningsdelegationen-avslog-storhojden-2","status":"publish","type":"post","link":"https:\/\/vildavastra.se\/snurrigt\/2019\/05\/03\/miljoprovningsdelegationen-avslog-storhojden-2\/","title":{"rendered":"Milj\u00f6pr\u00f6vningsdelegationen avslog Storh\u00f6jden 2"},"content":{"rendered":"<p>Det blev avslag p\u00e5 Kabekos planerade Storh\u00f6jden 2. Renn\u00e4ringen visades stor <em>ber\u00e4ttigad h\u00e4nsyn.<\/em><\/p>\n<p><em>&#8221;Milj\u00f6pr\u00f6vningsdelegationen vid L\u00e4nsstyrelsen V\u00e4sternorrland avsl\u00e5r ans\u00f6kan fr\u00e5n Kabeko etapp 2 AB (nedan kallat Bolaget) om tillst\u00e5nd enligt milj\u00f6balken f\u00f6r uppf\u00f6rande och drift av gruppstation f\u00f6r vindkraft f\u00f6r projekt Storh\u00f6jden etapp 2 i Sollefte\u00e5, Kramfors och \u00d6rnsk\u00f6ldsviks kommun, V\u00e4sternorrlands l\u00e4n.<\/em><\/p>\n<p><em>Milj\u00f6pr\u00f6vningsdelegationen godk\u00e4nner den i \u00e4rendet uppr\u00e4ttade milj\u00f6konsekvensbeskrivningen f\u00f6r den pr\u00f6vning som sker i \u00e4rendet.<\/em><\/p>\n<p>SAMMANFATTNING<br \/>\n<em>Milj\u00f6pr\u00f6vningsdelegationen finner sammanfattningsvis att planerad ytterligare etablering av vindkraftverksamhet i omr\u00e5det riskerar att p\u00e5tagligt f\u00f6rsv\u00e5ra renn\u00e4ringens bedrivande inom vinterbetesomr\u00e5den samt bryta funktionella samband mellan betesomr\u00e5den som har betydelse f\u00f6r renn\u00e4ringen. Det finns enligt milj\u00f6pr\u00f6vningsdelegationens bed\u00f6mning inte n\u00e5gra m\u00f6jliga rimliga skydds- eller f\u00f6rsiktighets\u00e5tg\u00e4rder som \u00e4r tillr\u00e4ckliga f\u00f6r att motverka eller f\u00f6rebygga de problem som uppkommer f\u00f6r renn\u00e4ringen. Den s\u00f6kta verksamheten bed\u00f6ms d\u00e4rf\u00f6r inte kunna samexistera med renn\u00e4ringen. En vindkraftsetablering skulle sannolikt medf\u00f6ra att det inte l\u00e4ngre \u00e4r m\u00f6jligt att bedriva traditionell rensk\u00f6tsel inom vinterbetesomr\u00e5det och vid en intresseavv\u00e4gning bed\u00f6ms intresset av att skydda renn\u00e4ringens bedrivande i omr\u00e5det \u00f6verv\u00e4ga intresset av vindkraft. En vindkraftsetablering vid projekt Storh\u00f6jden etapp 2 bed\u00f6ms inte utg\u00f6ra en anv\u00e4ndning av mark- och vattenomr\u00e5det som inneb\u00e4r en fr\u00e5n allm\u00e4n synpunkt god hush\u00e5llning, vilket inneb\u00e4r att platsen inte uppfyller kraven p\u00e5 l\u00e4mplig lokalisering enligt 2 kap. 6 milj\u00f6balken. D\u00e4rmed saknas f\u00f6ruts\u00e4ttningar f\u00f6r att l\u00e4mna tillst\u00e5nd till den planerade verksamheten och ans\u00f6kan ska avsl\u00e5s, Eftersom verksamheten inte kan till\u00e5tas av detta sk\u00e4l finns ingen anledning att bed\u00f6ma verksamhetens till\u00e5tlighet i \u00f6vriga delar.&#8221;<\/em><\/p>\n<p>Detta var ett v\u00e4lkommet och utm\u00e4rkt beslut. Kanske n\u00e4rmar sig nu den tidpunkt d\u00e5 svenska samer slipper k\u00e4nna sig tvungna att resa utomlands f\u00f6r att f\u00e5 geh\u00f6r f\u00f6r sin pressade situation med alltmer vindkraft och gruvbrytning, som hotar att om\u00f6jligg\u00f6ra fortsatt renn\u00e4ring.<\/p>\n<p><img loading=\"lazy\" decoding=\"async\" class=\"aligncenter size-full wp-image-5701\" src=\"https:\/\/vildavastra.se\/snurrigt\/wp-content\/uploads\/2019\/05\/mobiluppladdning_5cbe567ce087c3730a18eeb5-440x587.jpg\" alt=\"\" width=\"440\" height=\"587\" srcset=\"https:\/\/vildavastra.se\/snurrigt\/wp-content\/uploads\/2019\/05\/mobiluppladdning_5cbe567ce087c3730a18eeb5-440x587.jpg 440w, https:\/\/vildavastra.se\/snurrigt\/wp-content\/uploads\/2019\/05\/mobiluppladdning_5cbe567ce087c3730a18eeb5-440x587-225x300.jpg 225w\" sizes=\"auto, (max-width: 440px) 100vw, 440px\" \/><br \/>\nI slutet av april p\u00e5gick FN:s forum f\u00f6r ursprungsbefolkningar v\u00e4rlden \u00f6ver. Dessa tv\u00e5 samer fr\u00e5n Karesuando reste till FN i NY f\u00f6r att representera Civil Rights Defenders.<\/p>\n<p>MPD:s beslut i sin helhet. <a href=\"https:\/\/vildavastra.se\/snurrigt\/wp-content\/uploads\/2019\/05\/Beslut-om-avslag-av-ans\u00f6kan-om-tillst\u00e5nd1741-2018-87.pdf\">Beslut om avslag av ans\u00f6kan om tillst\u00e5nd(1741-2018-87)<\/a><\/p>\n<p><em>\/Brita Isaksson, R\u00f6\u00e5n. \u00a0 <\/em><em><a href=\"http:\/\/roan.junselebyar.se\/?p=2727\">http:\/\/roan.junselebyar.se\/?p=2727<\/a><\/em><\/p>\n<p>&nbsp;<\/p>\n<p><em><strong>Admins kommentar<\/strong>.\u00a0<\/em> Det \u00e4r Voernese\u00a0 och S\u00f6dra Vilhelmina samebyar som har ett av sina vinter-renbetesomr\u00e5den p\u00e5 Storh\u00f6jden. <a href=\"https:\/\/www.sametinget.se\/8436\">Voernese sameby<\/a> hade under v\u00e5ren 2018\u00a0 ett m\u00f6te med bl.a.\u00a0 fd kommunalr\u00e5det Lassen (S)\u00a0 ang. Storh\u00f6jden etapp 2. De\u00a0 informerade vid det tillf\u00e4llet att de<em> inte<\/em> samtyckte till vindkraftsprojektet.<\/p>\n<p>Kommunfullm\u00e4ktige i Sollefte\u00e5<a href=\"https:\/\/vildavastra.se\/snurrigt\/2018\/04\/23\/kf-sade-ja-till-vindkraft-pa-storhojden-etapp-2\/\"> beslutade att s\u00e4ga ja<\/a> till vindkraftsprojektet Storh\u00f6jden etapp 2 den 23 april 2018 trots samebyns nej. Milj\u00f6partiets ledamot M. Alton fr\u00e5gade p\u00e5 m\u00f6tet hur samerna st\u00e4llde sig till vindkraft i omr\u00e5det, men ingen av dem som var med p\u00e5 m\u00f6tet med samebyn svarade p\u00e5 fr\u00e5gan.<\/p>\n<p>S och V tillsammans med C, M, L och Mp beslutade p\u00e5 Kf:s m\u00f6te den 23 april 2018 att s\u00e4ga ja till vindkraft p\u00e5 Storh\u00f6jden trots att samebyarna motsatte sig vindkraftsprojektet. V\u00e4stra initiativet och SD reserverade sig mot beslutet.<\/p>\n<p>\/ A. Berglund Admin<\/p>\n","protected":false},"excerpt":{"rendered":"<p>Det blev avslag p\u00e5 Kabekos planerade Storh\u00f6jden 2. Renn\u00e4ringen visades stor ber\u00e4ttigad h\u00e4nsyn. &#8221;Milj\u00f6pr\u00f6vningsdelegationen vid L\u00e4nsstyrelsen V\u00e4sternorrland avsl\u00e5r ans\u00f6kan fr\u00e5n Kabeko etapp 2 AB (nedan kallat Bolaget) om tillst\u00e5nd enligt milj\u00f6balken f\u00f6r uppf\u00f6rande och drift av gruppstation f\u00f6r vindkraft f\u00f6r projekt Storh\u00f6jden etapp 2 i Sollefte\u00e5, Kramfors och \u00d6rnsk\u00f6ldsviks kommun, V\u00e4sternorrlands l\u00e4n. Milj\u00f6pr\u00f6vningsdelegationen godk\u00e4nner den &hellip; <\/p>\n<p class=\"link-more\"><a href=\"https:\/\/vildavastra.se\/snurrigt\/2019\/05\/03\/miljoprovningsdelegationen-avslog-storhojden-2\/\" class=\"more-link\">Forts\u00e4tt l\u00e4sa<span class=\"screen-reader-text\"> \u201dMilj\u00f6pr\u00f6vningsdelegationen avslog Storh\u00f6jden 2\u201d<\/span><\/a><\/p>\n","protected":false},"author":2,"featured_media":0,"comment_status":"open","ping_status":"closed","sticky":false,"template":"","format":"standard","meta":{"footnotes":""},"categories":[36,1,33],"tags":[],"class_list":["post-5700","post","type-post","status-publish","format-standard","hentry","category-stoppa-vindkraften-angermanland","category-allmant","category-storhojden"],"_links":{"self":[{"href":"https:\/\/vildavastra.se\/snurrigt\/wp-json\/wp\/v2\/posts\/5700","targetHints":{"allow":["GET"]}}],"collection":[{"href":"https:\/\/vildavastra.se\/snurrigt\/wp-json\/wp\/v2\/posts"}],"about":[{"href":"https:\/\/vildavastra.se\/snurrigt\/wp-json\/wp\/v2\/types\/post"}],"author":[{"embeddable":true,"href":"https:\/\/vildavastra.se\/snurrigt\/wp-json\/wp\/v2\/users\/2"}],"replies":[{"embeddable":true,"href":"https:\/\/vildavastra.se\/snurrigt\/wp-json\/wp\/v2\/comments?post=5700"}],"version-history":[{"count":8,"href":"https:\/\/vildavastra.se\/snurrigt\/wp-json\/wp\/v2\/posts\/5700\/revisions"}],"predecessor-version":[{"id":5716,"href":"https:\/\/vildavastra.se\/snurrigt\/wp-json\/wp\/v2\/posts\/5700\/revisions\/5716"}],"wp:attachment":[{"href":"https:\/\/vildavastra.se\/snurrigt\/wp-json\/wp\/v2\/media?parent=5700"}],"wp:term":[{"taxonomy":"category","embeddable":true,"href":"https:\/\/vildavastra.se\/snurrigt\/wp-json\/wp\/v2\/categories?post=5700"},{"taxonomy":"post_tag","embeddable":true,"href":"https:\/\/vildavastra.se\/snurrigt\/wp-json\/wp\/v2\/tags?post=5700"}],"curies":[{"name":"wp","href":"https:\/\/api.w.org\/{rel}","templated":true}]}}