{"id":5723,"date":"2019-05-10T19:05:47","date_gmt":"2019-05-10T19:05:47","guid":{"rendered":"https:\/\/vildavastra.se\/snurrigt\/?p=5723"},"modified":"2019-05-11T04:56:34","modified_gmt":"2019-05-11T04:56:34","slug":"paragrafslalom-pa-nallkullen","status":"publish","type":"post","link":"https:\/\/vildavastra.se\/snurrigt\/2019\/05\/10\/paragrafslalom-pa-nallkullen\/","title":{"rendered":"Paragrafslalom p\u00e5 Nallkullen"},"content":{"rendered":"<p><img loading=\"lazy\" decoding=\"async\" class=\"aligncenter size-full wp-image-5307\" src=\"https:\/\/vildavastra.se\/snurrigt\/wp-content\/uploads\/2018\/03\/22.jpg\" alt=\"\" width=\"600\" height=\"399\" srcset=\"https:\/\/vildavastra.se\/snurrigt\/wp-content\/uploads\/2018\/03\/22.jpg 600w, https:\/\/vildavastra.se\/snurrigt\/wp-content\/uploads\/2018\/03\/22-300x200.jpg 300w\" sizes=\"auto, (max-width: 600px) 100vw, 600px\" \/><\/p>\n<p>Om vindkraftsprojektet Nallkullen, Lungsj\u00f6n.\u00a0 En bakgrundssammanfattning av Rolf Berg, Lungsj\u00f6n.<\/p>\n<p><em>&#8221;Flodinf\u00f6retaget Lung Vind har inlett processen att s\u00f6ka tillst\u00e5nd f\u00f6r ett vindkraftsprojekt &#8221;Nallkullen&#8221;. Samr\u00e5den med Sollefte\u00e5 kommun och l\u00e4nsstyrelse samt s\u00e4rskilt ber\u00f6rda har h\u00e5llits. (5\/3 resp. 7\/3\u00a0 2019). Ans\u00f6kan planeras s\u00e4ndas in till MPD till h\u00f6sten 2019. Denna ans\u00f6kan blir den f\u00f6rsta ans\u00f6kan om\u00a0 vindkraft i Sollefte\u00e5 kommun efter att F\u00e4ngsj\u00f6\/Storsj\u00f6h\u00f6jden lyckades f\u00f6rena partierna i den styrande majoriteten (VI, C och V) i ett gemensamt avst\u00e5ndstagande. Hur kommer de att agera n\u00e4r Nallkullen skall avg\u00f6ras? Kommer man att inse vilken f\u00f6r\u00f6dande effekt en byggnation kommer att f\u00e5? Eller kommer andra h\u00e4nsyn att \u00f6verv\u00e4ga?<\/em><\/p>\n<p><em>F\u00f6r att f\u00e5 perspektiv p\u00e5 Nallkullenexploateringen kan det vara bra att ha en grund att st\u00e5 p\u00e5: hur l\u00e4nge har det h\u00e4r h\u00e5llit p\u00e5? Hur m\u00e5nga ans\u00f6kningar, avslag, \u00f6verklaganden, positionsf\u00f6r\u00e4ndringar osv har f\u00f6reg\u00e5tt detta.&#8221;<\/em><\/p>\n<p>En sammanfattning av Nallkullens historik finns att l\u00e4sa h\u00e4r:<\/p>\n<p><a href=\"https:\/\/vildavastra.se\/snurrigt\/wp-content\/uploads\/2019\/05\/historik-Nallkullen.pdf\"><strong>Historik Nallkullen<\/strong><\/a>\/ Av Rolf Berg Lungsj\u00f6n<\/p>\n<p><em>&#8221;I trakten av Ramsele \u00e4r det t\u00e4tt mellan vindkraftsomr\u00e5dena. Allt pekar p\u00e5 att det blir \u00e4nnu fler vindkraftssnurror inom f\u00e5 \u00e5r. Men nu har l\u00e4nsstyrelsen b\u00f6rjat intressera sig om det finns en \u00f6vre gr\u00e4ns.<\/em><br \/>\n<em>Tv\u00e5 nya vindkraftverksomr\u00e5den \u00e4r aktuella i Ramsele-trakten. Det \u00e4r Flakaberget, med cirka 9 verk och Nallkullen, cirka 4 verk. De nya vindkraftverken kan bli 220 meter h\u00f6ga.&#8221;<strong><a href=\"https:\/\/sverigesradio.se\/sida\/gruppsida.aspx?programid=110&amp;grupp=19363&amp;artikel=7164874\"> P4 V\u00e4sternorrland<\/a>.<\/strong><\/em><\/p>\n<p>Admin:\u00a0 Lung Vind AB\u00a0 avsikt \u00e4r att ans\u00f6ka om tillst\u00e5nd f\u00f6r att etablera 4 vindkraftverk vid berget Nallkullen n\u00e4ra Lungsj\u00f6n i Sollefte\u00e5 kommun.<\/p>\n<p>Lung Vinds samr\u00e5dshandling finns att l\u00e4sa h\u00e4r:<\/p>\n<p><strong><a href=\"https:\/\/vildavastra.se\/snurrigt\/wp-content\/uploads\/2019\/05\/Nalkullen-Flodin-1093-2019-4.1.pdf\">Nalkullen Flodin 1093-2019-4.1<\/a><\/strong><\/p>\n","protected":false},"excerpt":{"rendered":"<p>Om vindkraftsprojektet Nallkullen, Lungsj\u00f6n.\u00a0 En bakgrundssammanfattning av Rolf Berg, Lungsj\u00f6n. &#8221;Flodinf\u00f6retaget Lung Vind har inlett processen att s\u00f6ka tillst\u00e5nd f\u00f6r ett vindkraftsprojekt &#8221;Nallkullen&#8221;. Samr\u00e5den med Sollefte\u00e5 kommun och l\u00e4nsstyrelse samt s\u00e4rskilt ber\u00f6rda har h\u00e5llits. (5\/3 resp. 7\/3\u00a0 2019). Ans\u00f6kan planeras s\u00e4ndas in till MPD till h\u00f6sten 2019. Denna ans\u00f6kan blir den f\u00f6rsta ans\u00f6kan om\u00a0 vindkraft &hellip; <\/p>\n<p class=\"link-more\"><a href=\"https:\/\/vildavastra.se\/snurrigt\/2019\/05\/10\/paragrafslalom-pa-nallkullen\/\" class=\"more-link\">Forts\u00e4tt l\u00e4sa<span class=\"screen-reader-text\"> \u201dParagrafslalom p\u00e5 Nallkullen\u201d<\/span><\/a><\/p>\n","protected":false},"author":2,"featured_media":0,"comment_status":"open","ping_status":"closed","sticky":false,"template":"","format":"standard","meta":{"footnotes":""},"categories":[1,37],"tags":[],"class_list":["post-5723","post","type-post","status-publish","format-standard","hentry","category-allmant","category-nalkullen"],"_links":{"self":[{"href":"https:\/\/vildavastra.se\/snurrigt\/wp-json\/wp\/v2\/posts\/5723","targetHints":{"allow":["GET"]}}],"collection":[{"href":"https:\/\/vildavastra.se\/snurrigt\/wp-json\/wp\/v2\/posts"}],"about":[{"href":"https:\/\/vildavastra.se\/snurrigt\/wp-json\/wp\/v2\/types\/post"}],"author":[{"embeddable":true,"href":"https:\/\/vildavastra.se\/snurrigt\/wp-json\/wp\/v2\/users\/2"}],"replies":[{"embeddable":true,"href":"https:\/\/vildavastra.se\/snurrigt\/wp-json\/wp\/v2\/comments?post=5723"}],"version-history":[{"count":4,"href":"https:\/\/vildavastra.se\/snurrigt\/wp-json\/wp\/v2\/posts\/5723\/revisions"}],"predecessor-version":[{"id":5730,"href":"https:\/\/vildavastra.se\/snurrigt\/wp-json\/wp\/v2\/posts\/5723\/revisions\/5730"}],"wp:attachment":[{"href":"https:\/\/vildavastra.se\/snurrigt\/wp-json\/wp\/v2\/media?parent=5723"}],"wp:term":[{"taxonomy":"category","embeddable":true,"href":"https:\/\/vildavastra.se\/snurrigt\/wp-json\/wp\/v2\/categories?post=5723"},{"taxonomy":"post_tag","embeddable":true,"href":"https:\/\/vildavastra.se\/snurrigt\/wp-json\/wp\/v2\/tags?post=5723"}],"curies":[{"name":"wp","href":"https:\/\/api.w.org\/{rel}","templated":true}]}}