{"id":5732,"date":"2019-05-13T05:54:34","date_gmt":"2019-05-13T05:54:34","guid":{"rendered":"https:\/\/vildavastra.se\/snurrigt\/?p=5732"},"modified":"2019-05-13T06:10:59","modified_gmt":"2019-05-13T06:10:59","slug":"infor-eu-valet-vindkraften-ar-en-eu-valfraga","status":"publish","type":"post","link":"https:\/\/vildavastra.se\/snurrigt\/2019\/05\/13\/infor-eu-valet-vindkraften-ar-en-eu-valfraga\/","title":{"rendered":"Inf\u00f6r EU-valet: Vindkraften \u00e4r en EU-valfr\u00e5ga"},"content":{"rendered":"<p>&nbsp;<\/p>\n<figure id=\"attachment_5733\" aria-describedby=\"caption-attachment-5733\" style=\"width: 525px\" class=\"wp-caption aligncenter\"><img loading=\"lazy\" decoding=\"async\" class=\"wp-image-5733 size-large\" src=\"https:\/\/vildavastra.se\/snurrigt\/wp-content\/uploads\/2019\/05\/9a6289e3-b3e7-4f3f-ba07-bbd0ba920c8b-748x1024.jpg\" alt=\"Foto TT\" width=\"525\" height=\"719\" srcset=\"https:\/\/vildavastra.se\/snurrigt\/wp-content\/uploads\/2019\/05\/9a6289e3-b3e7-4f3f-ba07-bbd0ba920c8b-748x1024.jpg 748w, https:\/\/vildavastra.se\/snurrigt\/wp-content\/uploads\/2019\/05\/9a6289e3-b3e7-4f3f-ba07-bbd0ba920c8b-219x300.jpg 219w, https:\/\/vildavastra.se\/snurrigt\/wp-content\/uploads\/2019\/05\/9a6289e3-b3e7-4f3f-ba07-bbd0ba920c8b-768x1051.jpg 768w, https:\/\/vildavastra.se\/snurrigt\/wp-content\/uploads\/2019\/05\/9a6289e3-b3e7-4f3f-ba07-bbd0ba920c8b.jpg 1200w\" sizes=\"auto, (max-width: 525px) 100vw, 525px\" \/><figcaption id=\"caption-attachment-5733\" class=\"wp-caption-text\">Foto TT<\/figcaption><\/figure>\n<p><em>&#8221;Det \u00e4r v\u00e5r uppgift att bevara svensk natur \u00e5t barn och barnbarn.<\/em>&#8221; S\u00e5 sade statsministern i regeringsf\u00f6rklaringen den 21 januari.<\/p>\n<p>Vi syftar p\u00e5 vindkraftsutbyggnaden, som blivit ett av v\u00e5ra stora milj\u00f6hot. Berg efter berg f\u00f6r\u00f6ds idag<\/p>\n<p>Att han i ord lyfter naturens v\u00e4rde \u00e4r bra. Men det \u00e4r tr\u00e5kigt n\u00e4r natur, landsbygd och milj\u00f6 i praktiken \u00e5terkommande nedprioriteras. Vi syftar p\u00e5 vindkraftsutbyggnaden, som blivit ett av v\u00e5ra stora milj\u00f6hot. Berg efter berg f\u00f6r\u00f6ds idag. Likv\u00e4l presenterar sig vindkraftens f\u00f6retr\u00e4dare som milj\u00f6ns f\u00f6rsvarare, med h\u00e4nvisning till koldioxiden.<\/p>\n<p>Man har f\u00e5ngat upp st\u00e4mningen fr\u00e5n 70-talet, d\u00e5 enskilda vindkraftsentusiaster exploaterade vinden hemma p\u00e5 g\u00e5rden. D\u00e4rifr\u00e5n har ambitionerna successivt \u00f6kat till vindkraftparker i industriell skala uppe p\u00e5 bergen, enligt en logik som brukar ben\u00e4mnas &#8221;De sm\u00e5 stegens tyranni\u201d.<br \/>\nKan n\u00e5got stoppa detta? Kanske. Vi befinner oss i en fas av politisk instabilitet, med en skakig regeringsbildning. Paradigm kan skifta. Nya energisamtal v\u00e4ntar.<\/p>\n<p>Snart har vi EU-val. \u00c4ven energifr\u00e5gan b\u00f6r nu av partierna hanteras i ett EU-sammanhang. Naturen och vindkraften borde vara en naturlig fr\u00e5ga inf\u00f6r EU-valet. T\u00e4nk p\u00e5 sveriges natur och v\u00e5ra barn, n\u00e4r du l\u00e4gger din r\u00f6st.<br \/>\nInvesteringsviljan vad g\u00e4ller vindkraft \u00e4r k\u00e4nslig. P\u00e5 70-talet lyckades k\u00e4rnkraftsmotst\u00e5ndarna efter en politisk kampanj n\u00e4stan v\u00e4nda opinionen och kn\u00e4cka k\u00e4rnkraften.<\/p>\n<p>I ett nytt politiskt klimat kan k\u00e4rnkraften f\u00f6rl\u00e4ngas och f\u00f6rnyas, vilket leder till s\u00e4mre l\u00f6nsamhet f\u00f6r vindkraften. Men b\u00e4ttre f\u00f6r v\u00e5r elberoende industri!<br \/>\nDet var beslutskraften hos en industriv\u00e4nlig socialdemokrati \u2013 f\u00f6re Mp-samarbetet &#8211; som banade v\u00e4g f\u00f6r k\u00e4rnkraften f\u00f6rra g\u00e5ngen, till gagn f\u00f6r v\u00e5r industriella utveckling.<\/p>\n<p>Europeiska pensions- och andra fonder utg\u00f6r de viktigaste finansi\u00e4rerna vid vindkraftinvesteringar. Dessa uppfattar idag att svensk vindkraft \u00e4r trygga investeringar. Hum\u00f6ret skulle s\u00e4nkas v\u00e4sentligt vid minskad generositet vad g\u00e4ller subventioner f\u00f6r vindkraft i Sverige. Kritiken mot vindkraften \u00e4r stark bland naturv\u00e4nner \u00f6ver hela Europa. N\u00e4r n\u00e5r vi en \u201dtipping point\u201d i folkopinionen?<\/p>\n<p>\u00c4ven f\u00f6r den som inte tycker om k\u00e4rnkraft, finns det icke milj\u00f6skadliga alternativ till vindkraft p\u00e5 bergen \u2013 som havsvindkraft l\u00e5ngt fr\u00e5n kustlinjen, solenergi och biokraftv\u00e4rme, f\u00f6r att n\u00e4mna n\u00e5gra. Gynnsammare villkor f\u00f6r anslutning av havsvindkraft, diskuteras nu. Det \u00e4r klokt.<\/p>\n<p>L\u00e5t oss satsa p\u00e5 andra energil\u00f6sningar \u00e4n landvindkraft, och r\u00e4dda Sveriges natur!<\/p>\n<p>&#8221;Ett ansvarsl\u00f6st f\u00f6rslag\u201d\u00a0 \u00e4r vad vindkraftens intressenter kommer att s\u00e4ga. V\u00e5r replik blir: <em>&#8221;Vi v\u00e4rnar naturen &#8211; ni f\u00f6r\u00f6der den.\u201d<\/em><\/p>\n<p>\/ Jan Hedman och Henrik Wachtmeister, ordf\u00f6rande och vice ordf\u00f6rande f\u00f6r <a href=\"http:\/\/landskapsskydd.se\/\">F\u00f6reningen Svenskt Landskapsskydd &#8211; FSL<\/a>.<\/p>\n<p>&nbsp;<\/p>\n<p>&nbsp;<\/p>\n","protected":false},"excerpt":{"rendered":"<p>&nbsp; &#8221;Det \u00e4r v\u00e5r uppgift att bevara svensk natur \u00e5t barn och barnbarn.&#8221; S\u00e5 sade statsministern i regeringsf\u00f6rklaringen den 21 januari. Vi syftar p\u00e5 vindkraftsutbyggnaden, som blivit ett av v\u00e5ra stora milj\u00f6hot. Berg efter berg f\u00f6r\u00f6ds idag Att han i ord lyfter naturens v\u00e4rde \u00e4r bra. Men det \u00e4r tr\u00e5kigt n\u00e4r natur, landsbygd och milj\u00f6 &hellip; <\/p>\n<p class=\"link-more\"><a href=\"https:\/\/vildavastra.se\/snurrigt\/2019\/05\/13\/infor-eu-valet-vindkraften-ar-en-eu-valfraga\/\" class=\"more-link\">Forts\u00e4tt l\u00e4sa<span class=\"screen-reader-text\"> \u201dInf\u00f6r EU-valet: Vindkraften \u00e4r en EU-valfr\u00e5ga\u201d<\/span><\/a><\/p>\n","protected":false},"author":2,"featured_media":0,"comment_status":"open","ping_status":"closed","sticky":false,"template":"","format":"standard","meta":{"footnotes":""},"categories":[1,4,6],"tags":[],"class_list":["post-5732","post","type-post","status-publish","format-standard","hentry","category-allmant","category-fsl","category-svensk-vindkraft"],"_links":{"self":[{"href":"https:\/\/vildavastra.se\/snurrigt\/wp-json\/wp\/v2\/posts\/5732","targetHints":{"allow":["GET"]}}],"collection":[{"href":"https:\/\/vildavastra.se\/snurrigt\/wp-json\/wp\/v2\/posts"}],"about":[{"href":"https:\/\/vildavastra.se\/snurrigt\/wp-json\/wp\/v2\/types\/post"}],"author":[{"embeddable":true,"href":"https:\/\/vildavastra.se\/snurrigt\/wp-json\/wp\/v2\/users\/2"}],"replies":[{"embeddable":true,"href":"https:\/\/vildavastra.se\/snurrigt\/wp-json\/wp\/v2\/comments?post=5732"}],"version-history":[{"count":2,"href":"https:\/\/vildavastra.se\/snurrigt\/wp-json\/wp\/v2\/posts\/5732\/revisions"}],"predecessor-version":[{"id":5735,"href":"https:\/\/vildavastra.se\/snurrigt\/wp-json\/wp\/v2\/posts\/5732\/revisions\/5735"}],"wp:attachment":[{"href":"https:\/\/vildavastra.se\/snurrigt\/wp-json\/wp\/v2\/media?parent=5732"}],"wp:term":[{"taxonomy":"category","embeddable":true,"href":"https:\/\/vildavastra.se\/snurrigt\/wp-json\/wp\/v2\/categories?post=5732"},{"taxonomy":"post_tag","embeddable":true,"href":"https:\/\/vildavastra.se\/snurrigt\/wp-json\/wp\/v2\/tags?post=5732"}],"curies":[{"name":"wp","href":"https:\/\/api.w.org\/{rel}","templated":true}]}}