{"id":5762,"date":"2019-07-01T11:32:01","date_gmt":"2019-07-01T11:32:01","guid":{"rendered":"https:\/\/vildavastra.se\/snurrigt\/?p=5762"},"modified":"2019-07-01T11:39:21","modified_gmt":"2019-07-01T11:39:21","slug":"om-den-sk-klimatkrisen","status":"publish","type":"post","link":"https:\/\/vildavastra.se\/snurrigt\/2019\/07\/01\/om-den-sk-klimatkrisen\/","title":{"rendered":"Om den sk &#8221;klimatkrisen&#8221;"},"content":{"rendered":"<p>Jag vill verkligen rekommendera att lyssna till denna intervju med energiexperten Elsa Widding. Hon avf\u00e4rdar den sk klimatkrisen helt och har kritik mot Paris-avtalet, klimatpolitiken och regeringens katastrofala aff\u00e4rer tex NUON-aff\u00e4ren. Hon har \u00e4ven synpunkter p\u00e5 den energi- och vindkraftspolitik som drivs igenom i Sverige p\u00e5 os\u00e4kra grundvalar.<\/p>\n<p>https:\/\/youtu.be\/ysJIEaE1-Xc<\/p>\n<p>Mer av Elsa Widding:\u00a0 <a href=\"http:\/\/www.klimatupplysningen.se\/2019\/06\/02\/vem-ska-dra-handbromsen-en-riskfylld-energipolitik\/\">http:\/\/www.klimatupplysningen.se\/2019\/06\/02\/vem-ska-dra-handbromsen-en-riskfylld-energipolitik\/<\/a><\/p>\n<p>\/ A. Berglund<\/p>\n","protected":false},"excerpt":{"rendered":"<p>Jag vill verkligen rekommendera att lyssna till denna intervju med energiexperten Elsa Widding. Hon avf\u00e4rdar den sk klimatkrisen helt och har kritik mot Paris-avtalet, klimatpolitiken och regeringens katastrofala aff\u00e4rer tex NUON-aff\u00e4ren. Hon har \u00e4ven synpunkter p\u00e5 den energi- och vindkraftspolitik som drivs igenom i Sverige p\u00e5 os\u00e4kra grundvalar. https:\/\/youtu.be\/ysJIEaE1-Xc Mer av Elsa Widding:\u00a0 http:\/\/www.klimatupplysningen.se\/2019\/06\/02\/vem-ska-dra-handbromsen-en-riskfylld-energipolitik\/ \/ &hellip; <\/p>\n<p class=\"link-more\"><a href=\"https:\/\/vildavastra.se\/snurrigt\/2019\/07\/01\/om-den-sk-klimatkrisen\/\" class=\"more-link\">Forts\u00e4tt l\u00e4sa<span class=\"screen-reader-text\"> \u201dOm den sk &#8221;klimatkrisen&#8221;\u201d<\/span><\/a><\/p>\n","protected":false},"author":2,"featured_media":0,"comment_status":"open","ping_status":"closed","sticky":false,"template":"","format":"standard","meta":{"footnotes":""},"categories":[38,1,6],"tags":[],"class_list":["post-5762","post","type-post","status-publish","format-standard","hentry","category-klimatkrisen","category-allmant","category-svensk-vindkraft"],"_links":{"self":[{"href":"https:\/\/vildavastra.se\/snurrigt\/wp-json\/wp\/v2\/posts\/5762","targetHints":{"allow":["GET"]}}],"collection":[{"href":"https:\/\/vildavastra.se\/snurrigt\/wp-json\/wp\/v2\/posts"}],"about":[{"href":"https:\/\/vildavastra.se\/snurrigt\/wp-json\/wp\/v2\/types\/post"}],"author":[{"embeddable":true,"href":"https:\/\/vildavastra.se\/snurrigt\/wp-json\/wp\/v2\/users\/2"}],"replies":[{"embeddable":true,"href":"https:\/\/vildavastra.se\/snurrigt\/wp-json\/wp\/v2\/comments?post=5762"}],"version-history":[{"count":5,"href":"https:\/\/vildavastra.se\/snurrigt\/wp-json\/wp\/v2\/posts\/5762\/revisions"}],"predecessor-version":[{"id":5767,"href":"https:\/\/vildavastra.se\/snurrigt\/wp-json\/wp\/v2\/posts\/5762\/revisions\/5767"}],"wp:attachment":[{"href":"https:\/\/vildavastra.se\/snurrigt\/wp-json\/wp\/v2\/media?parent=5762"}],"wp:term":[{"taxonomy":"category","embeddable":true,"href":"https:\/\/vildavastra.se\/snurrigt\/wp-json\/wp\/v2\/categories?post=5762"},{"taxonomy":"post_tag","embeddable":true,"href":"https:\/\/vildavastra.se\/snurrigt\/wp-json\/wp\/v2\/tags?post=5762"}],"curies":[{"name":"wp","href":"https:\/\/api.w.org\/{rel}","templated":true}]}}