{"id":5969,"date":"2020-04-18T06:45:32","date_gmt":"2020-04-18T06:45:32","guid":{"rendered":"https:\/\/vildavastra.se\/snurrigt\/?p=5969"},"modified":"2020-04-18T06:45:32","modified_gmt":"2020-04-18T06:45:32","slug":"mmod-ger-klartecken-till-vindkraft-i-hocksjon","status":"publish","type":"post","link":"https:\/\/vildavastra.se\/snurrigt\/2020\/04\/18\/mmod-ger-klartecken-till-vindkraft-i-hocksjon\/","title":{"rendered":"MM\u00d6D ger klartecken till vindkraft i Hocksj\u00f6n"},"content":{"rendered":"<p><img loading=\"lazy\" decoding=\"async\" class=\"aligncenter size-full wp-image-5967\" src=\"https:\/\/vildavastra.se\/snurrigt\/wp-content\/uploads\/2020\/04\/1568981620.jpg\" alt=\"\" width=\"992\" height=\"558\" srcset=\"https:\/\/vildavastra.se\/snurrigt\/wp-content\/uploads\/2020\/04\/1568981620.jpg 992w, https:\/\/vildavastra.se\/snurrigt\/wp-content\/uploads\/2020\/04\/1568981620-300x169.jpg 300w, https:\/\/vildavastra.se\/snurrigt\/wp-content\/uploads\/2020\/04\/1568981620-768x432.jpg 768w\" sizes=\"auto, (max-width: 767px) 89vw, (max-width: 1000px) 54vw, (max-width: 1071px) 543px, 580px\" \/><\/p>\n<p>&#8221;Mark- och milj\u00f6\u00f6verdomstolen beviljar f\u00f6rl\u00e4ngt ig\u00e5ngs\u00e4ttningstillst\u00e5nd f\u00f6r Hocksj\u00f6ns vindkraftsprojekt. Beslutet inneb\u00e4r att f\u00f6rberedelserna f\u00f6r uppf\u00f6randet av vindkraftparken kan \u00e5terupptas.&#8221;<\/p>\n<p>L\u00e4s vidare p\u00e5 <a href=\"https:\/\/www.vindkraftsnyheter.se\/20200417\/6057\/klartecken-vindkraftparken-hocksjon-fran-mark-och-miljooverdomstolen?fbclid=IwAR3K9JgYiswNuOMlZfr1ln0IryaonDYGuGj9KyCivrj8uzASZdiG37qzYys\">Vindkraftsnyheter.se.<\/a><\/p>\n<p>&#8212;&#8212;&#8212;&#8212;&#8212;&#8212;&#8212;&#8212;<\/p>\n<p>Samtidigt meddelas det att det planeras en barackstad f\u00f6r vindkraftsarbetare mitt under en pandemi.<\/p>\n<p>&#8221;En barackstad vid ishallen i Ramsele, d\u00e4r arbetare vid vindkraftparken Bj\u00f6rkh\u00f6jden ska bo och \u00e4ta, oroar kringboende.<br \/>\n\u2013 En barackstad under en pandemi? Hur ska de l\u00f6sa det? Det \u00e4r ju att bjuda hit viruset, s\u00e4ger Tryggve Runesson, en av de boende vid ishallen.<\/p>\n<p>Senast den 30 april vill Sollefte\u00e5 kommun ha grannarnas \u00e5sikter om den planerade barackstaden, som \u00e4r t\u00e4nkt att inhysa och utspisa personer som ska jobba i vindkraftparken Bj\u00f6rkh\u00f6jden.<br \/>\nSkrivelsen fr\u00e5n kommunens milj\u00f6- och byggenhet, fick de ber\u00f6rda p\u00e5 torsdagen, s\u00e5 de har ett par veckors bet\u00e4nketid.&#8221;<\/p>\n<p><a href=\"https:\/\/www.nordsverige.se\/solleftea\/barackby-i-virustider-oroar-ramsele\/reptdq!XhScWV7vL0e6w8nvdVeKig\/?fbclid=IwAR2OUBL0tJjHEb6gfMCQnvC8Sg7XHSjv_plqedrxqEom_Ma9oc4jTIMi-Lk\">Mer om detta h\u00e4r.<\/a><\/p>\n","protected":false},"excerpt":{"rendered":"<p>&#8221;Mark- och milj\u00f6\u00f6verdomstolen beviljar f\u00f6rl\u00e4ngt ig\u00e5ngs\u00e4ttningstillst\u00e5nd f\u00f6r Hocksj\u00f6ns vindkraftsprojekt. Beslutet inneb\u00e4r att f\u00f6rberedelserna f\u00f6r uppf\u00f6randet av vindkraftparken kan \u00e5terupptas.&#8221; L\u00e4s vidare p\u00e5 Vindkraftsnyheter.se. &#8212;&#8212;&#8212;&#8212;&#8212;&#8212;&#8212;&#8212; Samtidigt meddelas det att det planeras en barackstad f\u00f6r vindkraftsarbetare mitt under en pandemi. &#8221;En barackstad vid ishallen i Ramsele, d\u00e4r arbetare vid vindkraftparken Bj\u00f6rkh\u00f6jden ska bo och \u00e4ta, oroar kringboende. &hellip; <\/p>\n<p class=\"link-more\"><a href=\"https:\/\/vildavastra.se\/snurrigt\/2020\/04\/18\/mmod-ger-klartecken-till-vindkraft-i-hocksjon\/\" class=\"more-link\">Forts\u00e4tt l\u00e4sa<span class=\"screen-reader-text\"> \u201dMM\u00d6D ger klartecken till vindkraft i Hocksj\u00f6n\u201d<\/span><\/a><\/p>\n","protected":false},"author":2,"featured_media":0,"comment_status":"open","ping_status":"closed","sticky":false,"template":"","format":"standard","meta":{"footnotes":""},"categories":[1,32,40],"tags":[12,20],"class_list":["post-5969","post","type-post","status-publish","format-standard","hentry","category-allmant","category-bjorkhojden-ogonfagnaden","category-hocksjon","tag-naturforstorelse","tag-vindkraften-solleftea-kommun"],"_links":{"self":[{"href":"https:\/\/vildavastra.se\/snurrigt\/wp-json\/wp\/v2\/posts\/5969","targetHints":{"allow":["GET"]}}],"collection":[{"href":"https:\/\/vildavastra.se\/snurrigt\/wp-json\/wp\/v2\/posts"}],"about":[{"href":"https:\/\/vildavastra.se\/snurrigt\/wp-json\/wp\/v2\/types\/post"}],"author":[{"embeddable":true,"href":"https:\/\/vildavastra.se\/snurrigt\/wp-json\/wp\/v2\/users\/2"}],"replies":[{"embeddable":true,"href":"https:\/\/vildavastra.se\/snurrigt\/wp-json\/wp\/v2\/comments?post=5969"}],"version-history":[{"count":1,"href":"https:\/\/vildavastra.se\/snurrigt\/wp-json\/wp\/v2\/posts\/5969\/revisions"}],"predecessor-version":[{"id":5970,"href":"https:\/\/vildavastra.se\/snurrigt\/wp-json\/wp\/v2\/posts\/5969\/revisions\/5970"}],"wp:attachment":[{"href":"https:\/\/vildavastra.se\/snurrigt\/wp-json\/wp\/v2\/media?parent=5969"}],"wp:term":[{"taxonomy":"category","embeddable":true,"href":"https:\/\/vildavastra.se\/snurrigt\/wp-json\/wp\/v2\/categories?post=5969"},{"taxonomy":"post_tag","embeddable":true,"href":"https:\/\/vildavastra.se\/snurrigt\/wp-json\/wp\/v2\/tags?post=5969"}],"curies":[{"name":"wp","href":"https:\/\/api.w.org\/{rel}","templated":true}]}}