{"id":5999,"date":"2020-07-01T15:00:05","date_gmt":"2020-07-01T15:00:05","guid":{"rendered":"https:\/\/vildavastra.se\/snurrigt\/?p=5999"},"modified":"2020-07-01T15:01:22","modified_gmt":"2020-07-01T15:01:22","slug":"solleftea-kn-behover-ett-parti-som-tar-en-klar-stallning-mot-vindkraft","status":"publish","type":"post","link":"https:\/\/vildavastra.se\/snurrigt\/2020\/07\/01\/solleftea-kn-behover-ett-parti-som-tar-en-klar-stallning-mot-vindkraft\/","title":{"rendered":"Sollefte\u00e5 kn beh\u00f6ver ett parti som tar klar st\u00e4llning mot vindkraft"},"content":{"rendered":"<p><a href=\"https:\/\/www.allehanda.se\/artikel\/insandare-solleftea-behover-ett-parti-som-tar-klar-och-omutlig-stallning-mot-vindkraft?fbclid=IwAR2hI5frihCt2CD79p66P_c_j9F4XtBYIf-_tcLqqqiwjE4zRl3MdD8VfXM\">Dagens ins\u00e4ndare<\/a> i T\u00c5 Allehanda.<\/p>\n<p>\u201dV\u00e4stra Initiativet \u00e4r ett i grunden mycket vindkraftrestriktivt parti.\u201d Den oroande partibeskrivningen stod att l\u00e4sa i en ins\u00e4ndare i T\u00c5 25\/6 undertecknad av partiets ordf\u00f6rande. Att vara \u201drestriktiv\u201d \u00e4r definitivt inte att vara omutligt emot.<\/p>\n<p>Det indikerar att motst\u00e5ndet mot vindkraft inte \u00e4r absolut. Ett exempel p\u00e5 detta levererades ocks\u00e5 under senaste sammantr\u00e4de i kommunfullm\u00e4ktige i fr\u00e5gan om \u00e4ndringstillst\u00e5nd f\u00f6r tv\u00e5 av Kabekos fyra planerade vindindustrier i n\u00e4rheten av Graninge.<\/p>\n<p>Partiet uppgavs st\u00f6dja beslutet att till\u00e5ta dessa p\u00e5 grund av att V\u00e4stra Initiativet(VI) \u00e4r ett parti som tror p\u00e5 decentralisering och utveckling av den kommunala demokratin och att partiets representanter vid ett samverkansm\u00f6te inte fann n\u00e5got motst\u00e5nd hos de n\u00e4rvarande fastighets\u00e4garna och intressegrupperna inf\u00f6r de f\u00f6reslagna f\u00f6r\u00e4ndringarna.<\/p>\n<p><img loading=\"lazy\" decoding=\"async\" class=\"aligncenter size-large wp-image-6000\" src=\"https:\/\/vildavastra.se\/snurrigt\/wp-content\/uploads\/2020\/07\/bj\u00f6rkh\u00f6jden-1024x641.jpg\" alt=\"\" width=\"525\" height=\"329\" srcset=\"https:\/\/vildavastra.se\/snurrigt\/wp-content\/uploads\/2020\/07\/bj\u00f6rkh\u00f6jden-1024x641.jpg 1024w, https:\/\/vildavastra.se\/snurrigt\/wp-content\/uploads\/2020\/07\/bj\u00f6rkh\u00f6jden-300x188.jpg 300w, https:\/\/vildavastra.se\/snurrigt\/wp-content\/uploads\/2020\/07\/bj\u00f6rkh\u00f6jden-768x481.jpg 768w, https:\/\/vildavastra.se\/snurrigt\/wp-content\/uploads\/2020\/07\/bj\u00f6rkh\u00f6jden.jpg 1200w\" sizes=\"auto, (max-width: 525px) 100vw, 525px\" \/><br \/>\nBj\u00f6rkh\u00f6jdens vindkraftomr\u00e5de utanf\u00f6r Ramsele.<br \/>\nBild: Katarina \u00d6stholm<\/p>\n<p>I \u201dpipeline\u201d ligger Vaberget. \u00c4ven i detta fall g\u00e4ller det \u00e4ndringstillst\u00e5nd och det finns h\u00e4r opinion b\u00e5de f\u00f6r och emot. Hur g\u00f6r VI d\u00e5?<br \/>\nKanske finns det \u00e4ven andra bevekelsegrunder f\u00f6r att g\u00f6ra undantag och till\u00e5ta vindkraft, exempelvis \u201df\u00f6rt\u00e4tning\u201d. \u00c4r det m\u00e5nne n\u00e5got som kan komma att \u00e5beropas d\u00e5 Nallkullen en dag skall pr\u00f6vas?<\/p>\n<p>Opinioner F\u00d6R och MOT kan delvis skapas och p\u00e5verkas; F\u00d6R genom \u201ders\u00e4ttningar\u201d fr\u00e5n exploat\u00f6rerna och MOT om det finns n\u00e5gon som orkar kanalisera det motst\u00e5nd mot vindindustrins milj\u00f6f\u00f6rst\u00f6relse som alltid finns. Vanligtvis kommer det tyv\u00e4rr i dagen f\u00f6rst n\u00e4r det \u00e4r f\u00f6r sent.<\/p>\n<p>Sollefte\u00e5 kommun beh\u00f6ver ett parti som tar klar och omutlig st\u00e4llning mot vindkraft. Det vi har \u00e4r VI och d\u00e4r finns m\u00e5nga goda krafter. Ett stort tack till de tre VI-f\u00f6retr\u00e4dare, som genom att r\u00f6sta mot \u00e4ndringstillst\u00e5nden levererade i enlighet med sina v\u00e4ljares f\u00f6rv\u00e4ntningar.<\/p>\n<p>Det upplevs nu som en n\u00f6dv\u00e4ndighet att partiet tar tag i och korrigerar de gradskillnader i den politiska kompassen visavi vindkraft som dessv\u00e4rre uppenbarligen existerar.<\/p>\n<p>\/ Brita Isaksson, R\u00f6\u00e5n<\/p>\n","protected":false},"excerpt":{"rendered":"<p>Dagens ins\u00e4ndare i T\u00c5 Allehanda. \u201dV\u00e4stra Initiativet \u00e4r ett i grunden mycket vindkraftrestriktivt parti.\u201d Den oroande partibeskrivningen stod att l\u00e4sa i en ins\u00e4ndare i T\u00c5 25\/6 undertecknad av partiets ordf\u00f6rande. Att vara \u201drestriktiv\u201d \u00e4r definitivt inte att vara omutligt emot. Det indikerar att motst\u00e5ndet mot vindkraft inte \u00e4r absolut. Ett exempel p\u00e5 detta levererades ocks\u00e5 &hellip; <\/p>\n<p class=\"link-more\"><a href=\"https:\/\/vildavastra.se\/snurrigt\/2020\/07\/01\/solleftea-kn-behover-ett-parti-som-tar-en-klar-stallning-mot-vindkraft\/\" class=\"more-link\">Forts\u00e4tt l\u00e4sa<span class=\"screen-reader-text\"> \u201dSollefte\u00e5 kn beh\u00f6ver ett parti som tar klar st\u00e4llning mot vindkraft\u201d<\/span><\/a><\/p>\n","protected":false},"author":2,"featured_media":0,"comment_status":"open","ping_status":"closed","sticky":false,"template":"","format":"standard","meta":{"footnotes":""},"categories":[1,41],"tags":[12,20],"class_list":["post-5999","post","type-post","status-publish","format-standard","hentry","category-allmant","category-vastra-initiativet","tag-naturforstorelse","tag-vindkraften-solleftea-kommun"],"_links":{"self":[{"href":"https:\/\/vildavastra.se\/snurrigt\/wp-json\/wp\/v2\/posts\/5999","targetHints":{"allow":["GET"]}}],"collection":[{"href":"https:\/\/vildavastra.se\/snurrigt\/wp-json\/wp\/v2\/posts"}],"about":[{"href":"https:\/\/vildavastra.se\/snurrigt\/wp-json\/wp\/v2\/types\/post"}],"author":[{"embeddable":true,"href":"https:\/\/vildavastra.se\/snurrigt\/wp-json\/wp\/v2\/users\/2"}],"replies":[{"embeddable":true,"href":"https:\/\/vildavastra.se\/snurrigt\/wp-json\/wp\/v2\/comments?post=5999"}],"version-history":[{"count":2,"href":"https:\/\/vildavastra.se\/snurrigt\/wp-json\/wp\/v2\/posts\/5999\/revisions"}],"predecessor-version":[{"id":6002,"href":"https:\/\/vildavastra.se\/snurrigt\/wp-json\/wp\/v2\/posts\/5999\/revisions\/6002"}],"wp:attachment":[{"href":"https:\/\/vildavastra.se\/snurrigt\/wp-json\/wp\/v2\/media?parent=5999"}],"wp:term":[{"taxonomy":"category","embeddable":true,"href":"https:\/\/vildavastra.se\/snurrigt\/wp-json\/wp\/v2\/categories?post=5999"},{"taxonomy":"post_tag","embeddable":true,"href":"https:\/\/vildavastra.se\/snurrigt\/wp-json\/wp\/v2\/tags?post=5999"}],"curies":[{"name":"wp","href":"https:\/\/api.w.org\/{rel}","templated":true}]}}