{"id":6123,"date":"2021-01-19T14:34:12","date_gmt":"2021-01-19T14:34:12","guid":{"rendered":"https:\/\/vildavastra.se\/snurrigt\/?p=6123"},"modified":"2021-01-19T14:35:06","modified_gmt":"2021-01-19T14:35:06","slug":"arise-ansoker-om-forlangd-igangsattningstid-for-vk-projektet-salsjo","status":"publish","type":"post","link":"https:\/\/vildavastra.se\/snurrigt\/2021\/01\/19\/arise-ansoker-om-forlangd-igangsattningstid-for-vk-projektet-salsjo\/","title":{"rendered":"ARISE ans\u00f6ker om f\u00f6rl\u00e4ngd ig\u00e5ngs\u00e4ttningstid f\u00f6r vk-projektet Salsj\u00f6"},"content":{"rendered":"<p><strong>Information.<\/strong><\/p>\n<p>381-2021 &#8211; ARISE ans\u00f6ker om f\u00f6rl\u00e4ngd ig\u00e5ngs\u00e4ttningtid f\u00f6r vindkraftprojekt Salsj\u00f6, Sollefte\u00e5 kommun.<\/p>\n<p>Hela ans\u00f6kan g\u00e5r att l\u00e4sa i filen i nedanst\u00e5ende l\u00e4nk.<\/p>\n<p>OBS. De bifogade filerna \u00e4r tillg\u00e4ngliga fram till: 2021-02-18.<\/p>\n<p>L\u00e4nk: <a href=\"https:\/\/filskick.lansstyrelsen.se\/message\/OkHgGd3ZqB3gR6FJ9uNySt\">https:\/\/filskick.lansstyrelsen.se\/message\/OkHgGd3ZqB3gR6FJ9uNySt<\/a><\/p>\n","protected":false},"excerpt":{"rendered":"<p>Information. 381-2021 &#8211; ARISE ans\u00f6ker om f\u00f6rl\u00e4ngd ig\u00e5ngs\u00e4ttningtid f\u00f6r vindkraftprojekt Salsj\u00f6, Sollefte\u00e5 kommun. Hela ans\u00f6kan g\u00e5r att l\u00e4sa i filen i nedanst\u00e5ende l\u00e4nk. OBS. De bifogade filerna \u00e4r tillg\u00e4ngliga fram till: 2021-02-18. L\u00e4nk: https:\/\/filskick.lansstyrelsen.se\/message\/OkHgGd3ZqB3gR6FJ9uNySt<\/p>\n","protected":false},"author":2,"featured_media":0,"comment_status":"open","ping_status":"closed","sticky":false,"template":"","format":"standard","meta":{"footnotes":""},"categories":[1,31],"tags":[20],"class_list":["post-6123","post","type-post","status-publish","format-standard","hentry","category-allmant","category-salsjon","tag-vindkraften-solleftea-kommun"],"_links":{"self":[{"href":"https:\/\/vildavastra.se\/snurrigt\/wp-json\/wp\/v2\/posts\/6123","targetHints":{"allow":["GET"]}}],"collection":[{"href":"https:\/\/vildavastra.se\/snurrigt\/wp-json\/wp\/v2\/posts"}],"about":[{"href":"https:\/\/vildavastra.se\/snurrigt\/wp-json\/wp\/v2\/types\/post"}],"author":[{"embeddable":true,"href":"https:\/\/vildavastra.se\/snurrigt\/wp-json\/wp\/v2\/users\/2"}],"replies":[{"embeddable":true,"href":"https:\/\/vildavastra.se\/snurrigt\/wp-json\/wp\/v2\/comments?post=6123"}],"version-history":[{"count":4,"href":"https:\/\/vildavastra.se\/snurrigt\/wp-json\/wp\/v2\/posts\/6123\/revisions"}],"predecessor-version":[{"id":6127,"href":"https:\/\/vildavastra.se\/snurrigt\/wp-json\/wp\/v2\/posts\/6123\/revisions\/6127"}],"wp:attachment":[{"href":"https:\/\/vildavastra.se\/snurrigt\/wp-json\/wp\/v2\/media?parent=6123"}],"wp:term":[{"taxonomy":"category","embeddable":true,"href":"https:\/\/vildavastra.se\/snurrigt\/wp-json\/wp\/v2\/categories?post=6123"},{"taxonomy":"post_tag","embeddable":true,"href":"https:\/\/vildavastra.se\/snurrigt\/wp-json\/wp\/v2\/tags?post=6123"}],"curies":[{"name":"wp","href":"https:\/\/api.w.org\/{rel}","templated":true}]}}