{"id":6129,"date":"2021-02-01T06:09:49","date_gmt":"2021-02-01T06:09:49","guid":{"rendered":"https:\/\/vildavastra.se\/snurrigt\/?p=6129"},"modified":"2021-02-02T13:54:21","modified_gmt":"2021-02-02T13:54:21","slug":"forslag-om-folkomrostning-i-solleftea-kn","status":"publish","type":"post","link":"https:\/\/vildavastra.se\/snurrigt\/2021\/02\/01\/forslag-om-folkomrostning-i-solleftea-kn\/","title":{"rendered":"Folkomr\u00f6stning om vindkraft i Sollefte\u00e5 kn?"},"content":{"rendered":"<div><img loading=\"lazy\" decoding=\"async\" class=\"aligncenter size-full wp-image-6130\" src=\"https:\/\/vildavastra.se\/snurrigt\/wp-content\/uploads\/2021\/02\/22.jpg\" alt=\"\" width=\"600\" height=\"399\" srcset=\"https:\/\/vildavastra.se\/snurrigt\/wp-content\/uploads\/2021\/02\/22.jpg 600w, https:\/\/vildavastra.se\/snurrigt\/wp-content\/uploads\/2021\/02\/22-300x200.jpg 300w\" sizes=\"auto, (max-width: 600px) 100vw, 600px\" \/><\/div>\n<div><span style=\"font-size: 1rem;\"><br \/>\nKan en folkomr\u00f6stning om vindkraft vara en v\u00e4gvisare f\u00f6r politikerna vad inv\u00e5narna verkligen vill i denna viktiga fr\u00e5ga? Kommer politikerna att lyssna? Fr\u00e5gan har uppst\u00e5tt tidigare, men flera har varit tveksamma till att det skulle gynna motst\u00e5ndet mot vindkraft eftersom m\u00e5nga, m\u00f6jligen de flesta av kommunens inv\u00e5nare, inte varit insatta eller blir direkt ber\u00f6rda av vindkraften. Men vi tror tiden b\u00f6rjar komma ikapp oss. M\u00e4nniskor\u00a0 b\u00f6rjar blir mer och mer insatta om vindkraftens konsekvenser f\u00f6r m\u00e4nniskor, djur, natur och milj\u00f6n idag \u00e4n f\u00f6r n\u00e5gra \u00e5r sedan. Vi anser att det \u00e4r dags att inv\u00e5narna f\u00e5r s\u00e4ga vad de tycker om vindkraften i en folklig folkomr\u00f6stning i v\u00e5r kommun!<\/span><\/div>\n<div class=\"bi6gxh9e\">\n<p><span style=\"font-size: 1rem;\"><br \/>\nVi tror att en folkomr\u00f6stning (f\u00f6rslagsvis i samband med n\u00e4sta val 2022) om fortsatt exploatering av vindkraft i kommunen skulle vara ett bra och v\u00e4gledande f\u00f6r politikerna.\u00a0 Dvs ja eller nej till vindkraft.\u00a0 F\u00f6rslaget om en folkomr\u00f6stning i kommunen b\u00f6r komma fr\u00e5n olika n\u00e4tverk i kommunen. Vi tycker definitivt detta \u00e4r en fr\u00e5ga att fundera \u00f6ver! Vad tycker Du?<\/span><\/p>\n<\/div>\n<div class=\"bi6gxh9e\">\n<p>Skriv g\u00e4rna dina synpunkter i kommentarf\u00e4ltet eller p\u00e5 v\u00e5r facebook sida: <a href=\"https:\/\/www.facebook.com\/groups\/297209270313107\">Motvind &#8211; Vindkraftsexploateringen i Sollefte\u00e5 kommun | Facebook<\/a><\/p>\n<\/div>\n<div><\/div>\n<div><\/div>\n<div class=\"bi6gxh9e\"><span class=\"d2edcug0 hpfvmrgz qv66sw1b c1et5uql rrkovp55 jq4qci2q a3bd9o3v knj5qynh oo9gr5id\">Mer information om folkomr\u00f6stningar p\u00e5 SKR:s hemsida: <a class=\"oajrlxb2 g5ia77u1 qu0x051f esr5mh6w e9989ue4 r7d6kgcz rq0escxv nhd2j8a9 nc684nl6 p7hjln8o kvgmc6g5 cxmmr5t8 oygrvhab hcukyx3x jb3vyjys rz4wbd8a qt6c0cv9 a8nywdso i1ao9s8h esuyzwwr f1sip0of lzcic4wl py34i1dx gpro0wi8\" tabindex=\"0\" role=\"link\" href=\"https:\/\/l.facebook.com\/l.php?u=https%3A%2F%2Fskr.se%2Fdemokratiledningstyrning%2Fvalmaktfordelning%2Fforstarktfolkinitiativfolkomrostning.367.html%3Ffbclid%3DIwAR3aE-8qH3sttvgRollbMuNCmwwLy9yQpus45kGaG2SkvZa0fKM5oh6eAN0%235.af9d1cb1761665fa6b3e64b%2C5.af9d1cb1761665fa6b3e69f&amp;h=AT3XLUBCWhmEbcvon2E91LrUq4KgEOtOzUutGN4fSOe2MVzqt75mcpGI4_YlE0zPByAcMdpPRz_OVKGYED8OCkhfmuee2qi05r-4jzWt0UdtyClaKeBU23d7lCSk1H1mJA&amp;__tn__=-UK-R&amp;c[0]=AT0Ddq_34ce-uAxW1ANJcmZZ--YgtnnekYtkPHnYECondhymZsrQOXWOvr7hfw8UYqwDtI2xsAchaPyNJNJ2gUo5v3z-dSdKIzW8laAbG1xiKR9-YklqW8fbqI2DMTvKofjgxhh6aoSzg3IkPLBvKJjpTbJxYRxti7cqLuMXBLytOnRQpZ5VBTOonCGw5Fb0Rm81EJhaLR3sAwl0Kg\" target=\"_blank\" rel=\"nofollow noopener noreferrer\">F\u00f6rst\u00e4rkt folkinitiativ och folkomr\u00f6stningar &#8211; SKR<\/a><\/span><\/div>\n","protected":false},"excerpt":{"rendered":"<p>Kan en folkomr\u00f6stning om vindkraft vara en v\u00e4gvisare f\u00f6r politikerna vad inv\u00e5narna verkligen vill i denna viktiga fr\u00e5ga? Kommer politikerna att lyssna? Fr\u00e5gan har uppst\u00e5tt tidigare, men flera har varit tveksamma till att det skulle gynna motst\u00e5ndet mot vindkraft eftersom m\u00e5nga, m\u00f6jligen de flesta av kommunens inv\u00e5nare, inte varit insatta eller blir direkt ber\u00f6rda av &hellip; <\/p>\n<p class=\"link-more\"><a href=\"https:\/\/vildavastra.se\/snurrigt\/2021\/02\/01\/forslag-om-folkomrostning-i-solleftea-kn\/\" class=\"more-link\">Forts\u00e4tt l\u00e4sa<span class=\"screen-reader-text\"> \u201dFolkomr\u00f6stning om vindkraft i Sollefte\u00e5 kn?\u201d<\/span><\/a><\/p>\n","protected":false},"author":2,"featured_media":0,"comment_status":"open","ping_status":"closed","sticky":false,"template":"","format":"standard","meta":{"footnotes":""},"categories":[43],"tags":[44,12,20],"class_list":["post-6129","post","type-post","status-publish","format-standard","hentry","category-folkomrostning","tag-folkomrostning","tag-naturforstorelse","tag-vindkraften-solleftea-kommun"],"_links":{"self":[{"href":"https:\/\/vildavastra.se\/snurrigt\/wp-json\/wp\/v2\/posts\/6129","targetHints":{"allow":["GET"]}}],"collection":[{"href":"https:\/\/vildavastra.se\/snurrigt\/wp-json\/wp\/v2\/posts"}],"about":[{"href":"https:\/\/vildavastra.se\/snurrigt\/wp-json\/wp\/v2\/types\/post"}],"author":[{"embeddable":true,"href":"https:\/\/vildavastra.se\/snurrigt\/wp-json\/wp\/v2\/users\/2"}],"replies":[{"embeddable":true,"href":"https:\/\/vildavastra.se\/snurrigt\/wp-json\/wp\/v2\/comments?post=6129"}],"version-history":[{"count":14,"href":"https:\/\/vildavastra.se\/snurrigt\/wp-json\/wp\/v2\/posts\/6129\/revisions"}],"predecessor-version":[{"id":6145,"href":"https:\/\/vildavastra.se\/snurrigt\/wp-json\/wp\/v2\/posts\/6129\/revisions\/6145"}],"wp:attachment":[{"href":"https:\/\/vildavastra.se\/snurrigt\/wp-json\/wp\/v2\/media?parent=6129"}],"wp:term":[{"taxonomy":"category","embeddable":true,"href":"https:\/\/vildavastra.se\/snurrigt\/wp-json\/wp\/v2\/categories?post=6129"},{"taxonomy":"post_tag","embeddable":true,"href":"https:\/\/vildavastra.se\/snurrigt\/wp-json\/wp\/v2\/tags?post=6129"}],"curies":[{"name":"wp","href":"https:\/\/api.w.org\/{rel}","templated":true}]}}