{"id":6147,"date":"2021-02-10T17:00:59","date_gmt":"2021-02-10T17:00:59","guid":{"rendered":"https:\/\/vildavastra.se\/snurrigt\/?p=6147"},"modified":"2021-02-12T05:31:01","modified_gmt":"2021-02-12T05:31:01","slug":"per-fahlens-kommentar-till-vetenskapsradion-om-vindkraft","status":"publish","type":"post","link":"https:\/\/vildavastra.se\/snurrigt\/2021\/02\/10\/per-fahlens-kommentar-till-vetenskapsradion-om-vindkraft\/","title":{"rendered":"Per Fahl\u00e9ns kommentar till Vetenskapsradion om vindkraft"},"content":{"rendered":"<div class=\"kvgmc6g5 cxmmr5t8 oygrvhab hcukyx3x c1et5uql ii04i59q\">\n<div dir=\"auto\">\n<p>Skickade f\u00f6ljande kommentar till P1 efter att ha lyssnat p\u00e5 &#8221;vetenskapsradion&#8221; om behovet av 4 ggr mer vindkraft.\u00a0 \u00a0<a href=\"https:\/\/sverigesradio.se\/artikel\/kraftig-utbyggnad-av-vindkraft-vantas-i-hela-landet\">https:\/\/sverigesradio.se\/artikel\/kraftig-utbyggnad-av-vindkraft-vantas-i-hela-landet<\/a><\/p>\n<p><em style=\"font-size: 1rem;\">Hej!<\/em><\/p>\n<p><em style=\"font-size: 1rem;\">Lyssnade p\u00e5 programmet \u201d Fyrdubbling av vindkraft v\u00e4ntas\u201d idag 2021-02-10. Varf\u00f6r forts\u00e4tter SR att upprepa p\u00e5st\u00e5enden om att vi m\u00e5ste st\u00e4lla om, det m\u00e5ste byggas vindkraft etc.? Det m\u00e5ste vi inte alls, det \u00e4r n\u00e5got som politikerna beslutat.<\/em><\/p>\n<\/div>\n<\/div>\n<div class=\"o9v6fnle cxmmr5t8 oygrvhab hcukyx3x c1et5uql ii04i59q\">\n<div dir=\"auto\">\n<p><em style=\"font-size: 1rem;\">\u2022 Naturv\u00e5rdsverket har inte i uppdrag att se till att vi f\u00e5r elproduktion med s\u00e5 sm\u00e5 negativa milj\u00f6konsekvensers som m\u00f6jligt; de har i uppdrag att se till att det byggs s\u00e5 mycket vindkraft som m\u00f6jligt.<\/em><\/p>\n<\/div>\n<\/div>\n<div class=\"o9v6fnle cxmmr5t8 oygrvhab hcukyx3x c1et5uql ii04i59q\">\n<div dir=\"auto\"><em>\u2022 Energimyndigheten har inte i uppdrag att ta fram de mest effektiva och ekonomiska energil\u00f6sningarna f\u00f6r Sverige; de har i uppdrag att se till att det byggs s\u00e5 mycket vindkraft som m\u00f6jligt. Som svenska kraftn\u00e4t syrligt svarade energimyndigheten i en remiss d\u00e4r myndigheten f\u00f6reslog l\u00e4mplig placering av vindkraftverk: \u201dInnan man f\u00f6resl\u00e5r placering av vindkraft kanske man skulle utreda varf\u00f6r det just ska byggas vindkraft\u201d.<\/em><\/div>\n<div dir=\"auto\"><em>\u2022 Politikerna har \u00e5lagt myndigheter som ansvarar f\u00f6r s\u00e4kerhet att ta bort viktiga s\u00e4kerhetskrav och underl\u00e4tta f\u00f6r vindkraften<\/em><\/div>\n<div dir=\"auto\"><em>\u2022 Att kommunerna fick vetor\u00e4tt var f\u00f6r att kravet p\u00e5 bygglov togs bort f\u00f6r vindindustrier. Man kan inte bygga en villa utan bygglov men d\u00e4remot kan man bygga j\u00e4ttelika, milj\u00f6st\u00f6rande vindindustriomr\u00e5den.<\/em><\/div>\n<div dir=\"auto\"><em>\u2022 Medborgare, som drabbas av industrierna, \u00e4r i det n\u00e4rmaste r\u00e4ttsl\u00f6sa. Man k\u00e4mpar en oj\u00e4mn kamp mot politiker, professionella exploat\u00f6rer och milj\u00f6pr\u00f6vande myndigheter, som \u00e4r \u00e5lagda att underl\u00e4tta f\u00f6r vindkraft, samt domstolar, vilka tar politiska h\u00e4nsyn i strid mot grundlagen.<\/em><\/div>\n<div dir=\"auto\"><em>\u2022 Konsumentverket v\u00e4grar att pr\u00f6va vilseledande marknadsf\u00f6ring av vindkraft med motiveringen att fr\u00e5gan om kostnader och milj\u00f6konsekvenser f\u00f6r elproduktion saknar konsumentintresse! Myndigheten \u00e4r \u00e5lagd att fr\u00e4mja vindkraft.<\/em><\/div>\n<div dir=\"auto\">\n<p><em>\u2022 SR\/SVT bryter \u00e5terkommande mot kravet p\u00e5 saklighet genom att ensidigt framst\u00e4lla vindkraften i positiv dager. N\u00e5gon kritisk granskning har jag aldrig h\u00f6rt och det l\u00f6nar sig inte att anm\u00e4la inslagen. Svaret blir bara \u201dingen \u00e5tg\u00e4rd\u201d, utan motivering och utan m\u00f6jlighet att \u00f6verklaga.<\/em><\/p>\n<p><em style=\"font-size: 1rem;\">Svenska politiker har beslutat om en enorm satsning p\u00e5 milj\u00f6f\u00f6rst\u00f6ring (tusentals miljarder kr). Utan n\u00e5gra som helst konsekvensanalyser betr\u00e4ffande elsystemets funktion, kostnader och milj\u00f6konsekvenser har de beslutat om en j\u00e4ttelik utbyggnad av vindkraft. Det mesta byggs i det norrl\u00e4ndska skogslandet, ofta p\u00e5 toppen av h\u00f6jder l\u00e4ngs \u00e4lvdalarna. Enorma industriomr\u00e5den med bullrande j\u00e4tterotorer, 250 m h\u00f6ga med blinkande ljus som syns p\u00e5 tiotals mils avst\u00e5nd, byggs i skogsomr\u00e5den som ofta inneh\u00e5ller betydande best\u00e5nd av gammelskog. Eftersom h\u00f6jderna \u00e4r sv\u00e5r\u00e5tkomliga och har l\u00e5g bonitet har de ofta blivit f\u00f6rskonade fr\u00e5n industriellt skogsbruk. De utg\u00f6r viktiga omr\u00e5den f\u00f6r de stora rovf\u00e5glarna och rovdjuren. F\u00f6r att g\u00f6ra h\u00f6jderna tillg\u00e4ngliga f\u00f6r vindkraft byggs \u00e4ven m\u00e4ngder av nya v\u00e4gar, som sk\u00e4r av viltets naturliga vandringsleder och ofta f\u00f6rd\u00e4rvar vattendrag. Men inte bara lokalt \u00f6del\u00e4ggs stora markomr\u00e5den. Det kr\u00e4vs nya stamledningar genom hela Sverige, m\u00e5nga hundra mil med 50-100 m breda ledningsgator, eftersom det mesta byggs s\u00e5 l\u00e5ngt som m\u00f6jligt fr\u00e5n behoven.<\/em><\/p>\n<p><em style=\"font-size: 1rem;\">Ett av m\u00e5nga exempel \u00e4r Markbygden i Pite\u00e5. D\u00e4r byggs ett tusental vindkraftverk p\u00e5 en yta st\u00f6rre \u00e4n Stockholms kommun, till st\u00f6rsta delen med kinesiskt kapital. N\u00e4stan all vindkraftsexploatering sker med internationellt kapital av bolag som \u00e4r totalt ointresserade av de lokala milj\u00f6konsekvenserna och protesterna fr\u00e5n lokalbefolkningen, som f\u00e5r sin livsmilj\u00f6 f\u00f6rd\u00e4rvad. Den samiska kulturen \u00e4r starkt hotad eftersom stora delar av renbeteslanden st\u00f6rs ut av vindindustrier och annan industriell verksamhet (energimyndigheten m.fl. v\u00e4grar publicera forskningsrapporter som visar vindkraftens negativa p\u00e5verkan p\u00e5 renar). Jag har arbetat st\u00f6rre delen av mitt yrkesverksamma liv med analys av energibehov, energianv\u00e4ndning, effektivisering, f\u00f6rs\u00f6rjning av energi samt energirelaterade milj\u00f6konsekvenser. Det \u00e4r f\u00f6r mig obegripligt att man i \u00e5rtionden presenterat t.ex. el fr\u00e5n sol och vind som \u201df\u00f6rnybara\u201d, \u201dh\u00e5llbara\u201d, \u201dklimatsmarta\u201d, \u201dgr\u00f6na\u201d etc. utan att begreppen definieras eller att n\u00e5gon efterfr\u00e5gar fakta som st\u00f6der dessa p\u00e5st\u00e5enden (se bifogad anm\u00e4lan till konsumentverket). I media, inte minst SR och SVT, f\u00f6ruts\u00e4tts att just dessa alternativ skulle vara bra av sig sj\u00e4lva och grundl\u00e4ggande fakta efters\u00f6ks inte eller negligeras.<\/em><\/p>\n<p><em style=\"font-size: 1rem;\">F\u00f6r att inte upprepa samma absurda och planl\u00f6sa agerande som skedde i samband med energi\u00f6verenskommelsen m\u00e5ste man f\u00f6rst konkretisera vilka m\u00e5len \u00e4r innan man f\u00f6reskriver medlen. Det \u00e4r skr\u00e4mmande att energi\u00f6verenskommelsen stakade ut en v\u00e4g och best\u00e4mde medel utan att ha n\u00e5gra m\u00e5l eller g\u00f6ra en tillstymmelse till konsekvensbeskrivning. Man best\u00e4mde att det skulle byggas en viss m\u00e4ngd vindkraft utan att analysera de framtida behoven av energi och effekt, hur de f\u00f6rdelar sig i tid och rum, krav p\u00e5 elkvalitet, leveranss\u00e4kerhet, milj\u00f6konsekvenser och kostnader. Nu st\u00e4ngs l\u00f6nsamma reaktorer, som finns d\u00e4r de beh\u00f6vs och utf\u00f6r ytterst n\u00f6dv\u00e4ndiga systemfunktioner, och ist\u00e4llet byggs vindkraft d\u00e4r den inte beh\u00f6vs och som g\u00e5r med f\u00f6rlust. Vindkraftsexploateringen i Norrland strider mot milj\u00f6balken och de flesta av de svenska milj\u00f6m\u00e5len. Det maximerar energif\u00f6rlusterna, de negativa milj\u00f6konsekvenserna och f\u00f6rs\u00e4mringen av elsystemets funktion.<\/em><\/p>\n<\/div>\n<\/div>\n<div class=\"o9v6fnle cxmmr5t8 oygrvhab hcukyx3x c1et5uql ii04i59q\">\n<div dir=\"auto\"><\/div>\n<div dir=\"auto\"><em>Avveckling av k\u00e4rnkraft och utbyggnad av vindkraft leder till:<\/em><\/div>\n<div dir=\"auto\"><\/div>\n<div dir=\"auto\"><em>\u2022 \u00d6kade koldioxidutsl\u00e4pp med en faktor 3-10<\/em><\/div>\n<div dir=\"auto\"><em>\u2022 \u00d6kad anv\u00e4ndning av icke f\u00f6rnybara resurser med en faktor 10-20<\/em><\/div>\n<div dir=\"auto\"><em>\u2022 Kraftigt minskad h\u00e5llbarhet f\u00f6r elsystemet (EROI = Energy Return On Investment sjunker fr\u00e5n 75 till 4; min 7 brukar vara ett krav f\u00f6r h\u00e5llbarhet)<\/em><\/div>\n<div dir=\"auto\"><em>\u2022 Minskad biologisk m\u00e5ngfald<\/em><\/div>\n<div dir=\"auto\"><em>\u2022 \u00d6delagd livsmilj\u00f6 f\u00f6r m\u00e4nniskor, f\u00e5glar och djur i stora omr\u00e5den p\u00e5 landsbygden<\/em><\/div>\n<div dir=\"auto\"><em>\u2022 F\u00f6rs\u00e4mrad akvatisk milj\u00f6 i \u00e4lvar med vattenkraft<\/em><\/div>\n<div dir=\"auto\"><em>\u2022 Stora m\u00e4ngder milj\u00f6farligt avfall<\/em><\/div>\n<div dir=\"auto\"><em>\u2022 F\u00f6rs\u00e4mrad effektivitet och kraftigt \u00f6kade kostnader f\u00f6r vattenkraften (\u00e4ven den riskerar utslagning)<\/em><\/div>\n<div dir=\"auto\"><em>\u2022 F\u00f6rs\u00e4mrad elkvalitet och leveranss\u00e4kerhet i elsystemet (stor risk f\u00f6r ransonering)<\/em><\/div>\n<div dir=\"auto\">\n<p><em>\u2022 Kraftigt h\u00f6jda elkostnader<\/em><\/p>\n<p><em style=\"font-size: 1rem;\">Grannlandet Norge \u00e4r betydligt mer seri\u00f6st och \u00e4ven sakkunniga som \u00e4r kritiska till vindkraftsexploateringen f\u00e5r uttala sig i NRK. Det och de stora folkliga protesterna i Norge har ocks\u00e5 lett till att n\u00e4stan samtliga norska kommuner nu s\u00e4ger nej till den milj\u00f6st\u00f6rande vindkraften. Protesterna \u00e4r nog lika stora i Sverige men de syns bara p\u00e5 n\u00e4tet och p\u00e5 ins\u00e4ndarsidorna i lokalpressen. Rikst\u00e4ckande medier \u00e4r totalt ointresserade av att bevaka sakfr\u00e5gorna.<\/em><\/p>\n<p><span style=\"font-size: 1rem;\">Med v\u00e4nlig h\u00e4lsning<\/span><\/p>\n<\/div>\n<\/div>\n<div class=\"o9v6fnle cxmmr5t8 oygrvhab hcukyx3x c1et5uql ii04i59q\">\n<div dir=\"auto\">Per Fahl\u00e9n, prof.em. (energi &amp; milj\u00f6, Chalmers), ledamot i IVA<\/div>\n<\/div>\n","protected":false},"excerpt":{"rendered":"<p>Skickade f\u00f6ljande kommentar till P1 efter att ha lyssnat p\u00e5 &#8221;vetenskapsradion&#8221; om behovet av 4 ggr mer vindkraft.\u00a0 \u00a0https:\/\/sverigesradio.se\/artikel\/kraftig-utbyggnad-av-vindkraft-vantas-i-hela-landet Hej! Lyssnade p\u00e5 programmet \u201d Fyrdubbling av vindkraft v\u00e4ntas\u201d idag 2021-02-10. Varf\u00f6r forts\u00e4tter SR att upprepa p\u00e5st\u00e5enden om att vi m\u00e5ste st\u00e4lla om, det m\u00e5ste byggas vindkraft etc.? Det m\u00e5ste vi inte alls, det \u00e4r n\u00e5got &hellip; <\/p>\n<p class=\"link-more\"><a href=\"https:\/\/vildavastra.se\/snurrigt\/2021\/02\/10\/per-fahlens-kommentar-till-vetenskapsradion-om-vindkraft\/\" class=\"more-link\">Forts\u00e4tt l\u00e4sa<span class=\"screen-reader-text\"> \u201dPer Fahl\u00e9ns kommentar till Vetenskapsradion om vindkraft\u201d<\/span><\/a><\/p>\n","protected":false},"author":2,"featured_media":0,"comment_status":"open","ping_status":"closed","sticky":false,"template":"","format":"standard","meta":{"footnotes":""},"categories":[36,1],"tags":[12],"class_list":["post-6147","post","type-post","status-publish","format-standard","hentry","category-stoppa-vindkraften-angermanland","category-allmant","tag-naturforstorelse"],"_links":{"self":[{"href":"https:\/\/vildavastra.se\/snurrigt\/wp-json\/wp\/v2\/posts\/6147","targetHints":{"allow":["GET"]}}],"collection":[{"href":"https:\/\/vildavastra.se\/snurrigt\/wp-json\/wp\/v2\/posts"}],"about":[{"href":"https:\/\/vildavastra.se\/snurrigt\/wp-json\/wp\/v2\/types\/post"}],"author":[{"embeddable":true,"href":"https:\/\/vildavastra.se\/snurrigt\/wp-json\/wp\/v2\/users\/2"}],"replies":[{"embeddable":true,"href":"https:\/\/vildavastra.se\/snurrigt\/wp-json\/wp\/v2\/comments?post=6147"}],"version-history":[{"count":7,"href":"https:\/\/vildavastra.se\/snurrigt\/wp-json\/wp\/v2\/posts\/6147\/revisions"}],"predecessor-version":[{"id":6163,"href":"https:\/\/vildavastra.se\/snurrigt\/wp-json\/wp\/v2\/posts\/6147\/revisions\/6163"}],"wp:attachment":[{"href":"https:\/\/vildavastra.se\/snurrigt\/wp-json\/wp\/v2\/media?parent=6147"}],"wp:term":[{"taxonomy":"category","embeddable":true,"href":"https:\/\/vildavastra.se\/snurrigt\/wp-json\/wp\/v2\/categories?post=6147"},{"taxonomy":"post_tag","embeddable":true,"href":"https:\/\/vildavastra.se\/snurrigt\/wp-json\/wp\/v2\/tags?post=6147"}],"curies":[{"name":"wp","href":"https:\/\/api.w.org\/{rel}","templated":true}]}}