{"id":6253,"date":"2021-09-08T04:17:30","date_gmt":"2021-09-08T04:17:30","guid":{"rendered":"https:\/\/vildavastra.se\/snurrigt\/?p=6253"},"modified":"2021-09-08T04:17:30","modified_gmt":"2021-09-08T04:17:30","slug":"sa-lattsinnigt-tillats-monsterturbinerna-salsjo-ranasjo","status":"publish","type":"post","link":"https:\/\/vildavastra.se\/snurrigt\/2021\/09\/08\/sa-lattsinnigt-tillats-monsterturbinerna-salsjo-ranasjo\/","title":{"rendered":"S\u00e5 l\u00e4ttsinnigt till\u00e4ts monsterturbinerna Salsj\u00f6\/Ranasj\u00f6"},"content":{"rendered":"<p>Att vindkraften har en egen gr\u00e4ddfil hos myndigheter det vet vi efter alla \u00e5r av kamp. Det visar inte minst detta l\u00f6fte till Flodin\/Arise ang. Salsj\u00f6 och Ranasj\u00f6\u00a0 i ett icke diarief\u00f6rt mail!<\/p>\n<p>Man skulle kunna tro att det var i samr\u00e5det om slutlig layout (2020-01-29), som f\u00f6r\u00e4ndringarna av Ranasj\u00f6 och Salsj\u00f6industrierna avgjordes. S\u00e5 var det emellertid inte. Redan 11 oktober 2018 \u2013 allts\u00e5 ca 1 \u00e5r och 4 m\u00e5nader innan \u201dSamr\u00e5det\u201d ( 2020-01-29) \u00e4gde rum gav en anst\u00e4lld vid l\u00e4nsstyrelsens tillst\u00e5ndsavdelning Arise\/Flodin fria h\u00e4nder att f\u00f6r\u00e4ndra turbinerna. \u00c4nd\u00e5 h\u00e4rleds det \u201cofficiella\u201d beslutet till n\u00e4mnda \u201csamr\u00e5d\u201d.<\/p>\n<p>L\u00f6ftet till Flodin\/Arise gavs dessutom i ett icke diarief\u00f6rt mail:<\/p>\n<p><em>Fr\u00e5n: Xxxxxx Yyyyyyy<\/em><\/p>\n<p><em>Till: Ulla Linder<\/em><\/p>\n<p><em>\u00c4rende: Effekt\u00e4ndring vid Salsj\u00f6 och Ranasj\u00f6<\/em><\/p>\n<p><em>Datum: den 11 oktober 2018 10:48:40<\/em><\/p>\n<p><em>Hej!<\/em><\/p>\n<p><em>L\u00e4nsstyrelsen anser inte att ni beh\u00f6ver ans\u00f6ka eller anm\u00e4la en effekt\u00e4ndring f\u00f6r vindkraftverken.<\/em><\/p>\n<p><em>F\u00f6r Ranasj\u00f6 l\u00e4ser jag i tillst\u00e5ndet att ans\u00f6kan g\u00e4llde 40 vindkraftverk med en m\u00e4rkeffekt p\u00e5 omkring 3,5 MW per vindkraftverk och en sammanlagd installerad effekt omkring 140 MW. F\u00f6r Salsj\u00f6 l\u00e4ser jag i tillst\u00e5ndet att \u201dUnder drift kommer g\u00e4llande villkor f\u00f6r s\u00e5v\u00e4l ljud som skuggor att h\u00e5llas, oavsett vindkraftverkens fabrikat, modell eller effekt\u201d och \u201c\u00d6verskrids ljudvillkoret kan vindkraftverkens effekt st\u00e4llas ned varp\u00e5 ljudp\u00e5verkan minskas\u201d.<\/em><\/p>\n<p><em>Ingenting tyder p\u00e5 att n\u00e5got villkor inte kan inneh\u00e5llas i och med en n\u00e5got \u00f6kad effekt eller att milj\u00f6konsekvenser skulle uppst\u00e5.<\/em><\/p>\n<p><em>Med v\u00e4nlig h\u00e4lsning<\/em><\/p>\n<p><em>Xxxxxx Yyyyyyyy<\/em><\/p>\n<p><em>Milj\u00f6handl\u00e4ggare<\/em><\/p>\n<p><em>L\u00e4nsstyrelsen V\u00e4sternorrland<\/em><\/p>\n<p><em>Postadress: 871 86 H\u00c4RN\u00d6SAND<\/em><\/p>\n<p><em>Bes\u00f6ksadress: Pumpbacksgatan 19<\/em><\/p>\n<p><em>Telefon: 0611-34 92 40<\/em><\/p>\n<p><em>vasternorrland@lansstyrelsen.se<\/em><\/p>\n<p><em>www.lansstyrelsen.se\/vasternorrland<\/em><\/p>\n<p>N\u00e4r man vet vilka enorma f\u00f6r\u00e4ndringar det \u00e4r fr\u00e5ga om \u00e4r det uppr\u00f6rande att l\u00e4sa ovanst\u00e5ende mail. Hur \u00e4r det m\u00f6jligt att en anst\u00e4lld p\u00e5 tillsynsmyndigheten ger uttryck f\u00f6r en s\u00e5dan nonchalant uppfattning om effektf\u00f6r\u00e4ndring och fr\u00e5nvaro av milj\u00f6konsekvenser\u2014\u2013utan att f\u00f6rst g\u00f6ra en konsekvensbed\u00f6mning?????<\/p>\n<p>\/Tarabrita<\/p>\n<p><a href=\"http:\/\/roan.junselebyar.se\/?p=3210\">R\u00d6\u00c5N \u00bb Blog Archive \u00bb S\u00e5 l\u00e4ttsinnigt till\u00e4ts \u201cMonsterturbiner\u201d (junselebyar.se)<\/a><\/p>\n","protected":false},"excerpt":{"rendered":"<p>Att vindkraften har en egen gr\u00e4ddfil hos myndigheter det vet vi efter alla \u00e5r av kamp. Det visar inte minst detta l\u00f6fte till Flodin\/Arise ang. Salsj\u00f6 och Ranasj\u00f6\u00a0 i ett icke diarief\u00f6rt mail! Man skulle kunna tro att det var i samr\u00e5det om slutlig layout (2020-01-29), som f\u00f6r\u00e4ndringarna av Ranasj\u00f6 och Salsj\u00f6industrierna avgjordes. S\u00e5 var &hellip; <\/p>\n<p class=\"link-more\"><a href=\"https:\/\/vildavastra.se\/snurrigt\/2021\/09\/08\/sa-lattsinnigt-tillats-monsterturbinerna-salsjo-ranasjo\/\" class=\"more-link\">Forts\u00e4tt l\u00e4sa<span class=\"screen-reader-text\"> \u201dS\u00e5 l\u00e4ttsinnigt till\u00e4ts monsterturbinerna Salsj\u00f6\/Ranasj\u00f6\u201d<\/span><\/a><\/p>\n","protected":false},"author":2,"featured_media":0,"comment_status":"open","ping_status":"closed","sticky":false,"template":"","format":"standard","meta":{"footnotes":""},"categories":[36,1,35,29,31],"tags":[],"class_list":["post-6253","post","type-post","status-publish","format-standard","hentry","category-stoppa-vindkraften-angermanland","category-allmant","category-miljo","category-ranasjoberget","category-salsjon"],"_links":{"self":[{"href":"https:\/\/vildavastra.se\/snurrigt\/wp-json\/wp\/v2\/posts\/6253","targetHints":{"allow":["GET"]}}],"collection":[{"href":"https:\/\/vildavastra.se\/snurrigt\/wp-json\/wp\/v2\/posts"}],"about":[{"href":"https:\/\/vildavastra.se\/snurrigt\/wp-json\/wp\/v2\/types\/post"}],"author":[{"embeddable":true,"href":"https:\/\/vildavastra.se\/snurrigt\/wp-json\/wp\/v2\/users\/2"}],"replies":[{"embeddable":true,"href":"https:\/\/vildavastra.se\/snurrigt\/wp-json\/wp\/v2\/comments?post=6253"}],"version-history":[{"count":1,"href":"https:\/\/vildavastra.se\/snurrigt\/wp-json\/wp\/v2\/posts\/6253\/revisions"}],"predecessor-version":[{"id":6254,"href":"https:\/\/vildavastra.se\/snurrigt\/wp-json\/wp\/v2\/posts\/6253\/revisions\/6254"}],"wp:attachment":[{"href":"https:\/\/vildavastra.se\/snurrigt\/wp-json\/wp\/v2\/media?parent=6253"}],"wp:term":[{"taxonomy":"category","embeddable":true,"href":"https:\/\/vildavastra.se\/snurrigt\/wp-json\/wp\/v2\/categories?post=6253"},{"taxonomy":"post_tag","embeddable":true,"href":"https:\/\/vildavastra.se\/snurrigt\/wp-json\/wp\/v2\/tags?post=6253"}],"curies":[{"name":"wp","href":"https:\/\/api.w.org\/{rel}","templated":true}]}}